{"id":18576,"date":"2017-05-16T14:12:35","date_gmt":"2017-05-16T19:12:35","guid":{"rendered":"https:\/\/emisora.univalle.edu.co\/?p=18576"},"modified":"2017-05-19T14:33:03","modified_gmt":"2017-05-19T19:33:03","slug":"rector-reunido-estudiantes-la-sede-buga","status":"publish","type":"post","link":"https:\/\/emisora.univalle.edu.co\/index.php\/rector-reunido-estudiantes-la-sede-buga\/","title":{"rendered":"Rector, reunido con estudiantes de la Sede Buga"},"content":{"rendered":"<p>El rector de la Universidad del Valle, Edgar Varela Barrios, se encuentra reunido con estudiantes de la Sede Buga para analizar el temario propuesto por grupos estudiantiles sobre el lote propiedad de la Universidad y las posibles estrategias de recuperaci\u00f3n.<\/p>\n<p>De igual manera se tratan asuntos de bienestar estudiantil, infraestructura y avance del proceso de selecci\u00f3n y nombramiento de profesores en la sede.<\/p>\n<p>La Direcci\u00f3n Universitaria ha presentado una explicaci\u00f3n detallada acerca de la situaci\u00f3n del terreno que se encuentra ocupado por 70 invasores, donde hay una escombrera ilegal y cr\u00eda de porcinos en condiciones de insalubridad.<\/p>\n<p>Armando Orobio, director de Infraestructura Universitaria, explic\u00f3 que debido a que se encuentran escombros en el lugar, se generan problemas de estabilidad del terreno para construir, adem\u00e1s se contempla la posible presencia de materiales contaminantes.<\/p>\n<p>Sin embargo, las partes coinciden en la necesidad que la Universidad cuente con un lote de terreno distinto para su proceso de ampliaci\u00f3n, que ser\u00eda utilizado para actividades deportivas y de recreaci\u00f3n, as\u00ed como para construir dos edificios de liviano peso.<\/p>\n<p>Nestor Hugo Mill\u00e1n, jefe de la Oficina Jur\u00eddica, explic\u00f3 que la Universidad est\u00e1 utilizando los mecanismo legales a su alcance, para la recuperaci\u00f3n del terreno.<\/p>\n<p>En la reuni\u00f3n participan, adem\u00e1s, William \u00c1lvarez Ram\u00edrez, director de la Sede; Jorge Enrique S\u00e1nchez y Guillermo Serrano, representantes de la Gobernaci\u00f3n del Valle; Luis Carlos Castillo, secretario general; Andr\u00e9s Bastidas, jefe de contrataci\u00f3n y Ernesto Jos\u00e9 Piedrahita, director de Comunicaciones Universitarias.<\/p>\n<p>De igual manera participan Sara Bola\u00f1os representante suplente en el Consejo Superior; Andr\u00e9s Chaux representante estudiantil al Consejo Superior y Felipe Caicedo, estudiante de la Sede Buga, quien lidera la representaci\u00f3n de los estudiantes de la sede.<\/p>\n<p>Fuente: <a href=\"http:\/\/www.univalle.edu.co\/lo-que-pasa-en-la-u\/rector-reunido-con-estudiantes-de-la-sede-buga\/#\">Agencia de Noticias Univalle<\/a><\/p>\n","protected":false},"excerpt":{"rendered":"<p>El rector de la Universidad del Valle, Edgar Varela Barrios, se encuentra reunido con estudiantes de la Sede Buga para analizar el temario propuesto por grupos estudiantiles sobre el lote propiedad de la Universidad y las posibles estrategias de recuperaci\u00f3n. De igual manera se tratan asuntos de bienestar estudiantil, infraestructura[&#8230;]<\/p>\n","protected":false},"author":1,"featured_media":18565,"comment_status":"open","ping_status":"open","sticky":false,"template":"","format":"standard","meta":{"footnotes":""},"categories":[4],"tags":[],"_links":{"self":[{"href":"https:\/\/emisora.univalle.edu.co\/index.php\/wp-json\/wp\/v2\/posts\/18576"}],"collection":[{"href":"https:\/\/emisora.univalle.edu.co\/index.php\/wp-json\/wp\/v2\/posts"}],"about":[{"href":"https:\/\/emisora.univalle.edu.co\/index.php\/wp-json\/wp\/v2\/types\/post"}],"author":[{"embeddable":true,"href":"https:\/\/emisora.univalle.edu.co\/index.php\/wp-json\/wp\/v2\/users\/1"}],"replies":[{"embeddable":true,"href":"https:\/\/emisora.univalle.edu.co\/index.php\/wp-json\/wp\/v2\/comments?post=18576"}],"version-history":[{"count":2,"href":"https:\/\/emisora.univalle.edu.co\/index.php\/wp-json\/wp\/v2\/posts\/18576\/revisions"}],"predecessor-version":[{"id":18578,"href":"https:\/\/emisora.univalle.edu.co\/index.php\/wp-json\/wp\/v2\/posts\/18576\/revisions\/18578"}],"wp:featuredmedia":[{"embeddable":true,"href":"https:\/\/emisora.univalle.edu.co\/index.php\/wp-json\/wp\/v2\/media\/18565"}],"wp:attachment":[{"href":"https:\/\/emisora.univalle.edu.co\/index.php\/wp-json\/wp\/v2\/media?parent=18576"}],"wp:term":[{"taxonomy":"category","embeddable":true,"href":"https:\/\/emisora.univalle.edu.co\/index.php\/wp-json\/wp\/v2\/categories?post=18576"},{"taxonomy":"post_tag","embeddable":true,"href":"https:\/\/emisora.univalle.edu.co\/index.php\/wp-json\/wp\/v2\/tags?post=18576"}],"curies":[{"name":"wp","href":"https:\/\/api.w.org\/{rel}","templated":true}]}}