{"id":18579,"date":"2017-05-16T14:53:29","date_gmt":"2017-05-16T19:53:29","guid":{"rendered":"https:\/\/emisora.univalle.edu.co\/?p=18579"},"modified":"2017-05-25T14:03:29","modified_gmt":"2017-05-25T19:03:29","slug":"la-universidad-espera-jhon-david-ospina-uno-los-los-mas-porras-del-valle","status":"publish","type":"post","link":"https:\/\/emisora.univalle.edu.co\/index.php\/la-universidad-espera-jhon-david-ospina-uno-los-los-mas-porras-del-valle\/","title":{"rendered":"La universidad espera a Jhon David Ospina, uno de los \u201cLos m\u00e1s porras\u201d del Valle"},"content":{"rendered":"<p>\u201cGracias a la gobernadora Dilian Francisca Toro Torres, podr\u00e9 ingresar a la Universidad para convertirme en profesional, ella hizo que mis sue\u00f1os de seguir estudiando se volvieran realidad\u201d.<\/p>\n<p>As\u00ed le agradeci\u00f3 John David Ospina, de la instituci\u00f3n educativa Arturo G\u00f3mez Jaramillo, del municipio de Alcal\u00e1, a la mandataria seccional, durante la apertura del proyecto \u2018Los m\u00e1s porras&#8217; del Valle\u2019, el cual permitir\u00e1 a 130 j\u00f3venes de los 42 municipios del departamento, que obtuvieron los mejores puntajes en pruebas Saber 11 del a\u00f1o pasado, ser beneficiarios de una beca-cr\u00e9dito para realizar sus estudios de educaci\u00f3n superior en la <strong>Universidad del Valle<\/strong>.<\/p>\n<p>\u201cEn un conversatorio le plante\u00e9 mi situaci\u00f3n a la gobernadora Dilian Francisca Toro, en cuanto a mi mayor sue\u00f1o de seguir estudiando, pero no ten\u00eda los recursos para hacerlo. Le expres\u00e9 mis deseos de ingresar a la universidad; ella me dijo que no me preocupara, que podr\u00eda hacerlo a trav\u00e9s del programa \u2018Los m\u00e1s porras\u2019. La gobernadora ha hecho realidad mis sue\u00f1os de poder ingresar a una Universidad y gracias a ella podr\u00e9 convertirme en un profesional\u201d, manifest\u00f3 el joven John David Ospina.<\/p>\n<p>La gobernadora del departamento, expres\u00f3 su alegr\u00eda y dijo que, \u201clo que yo quer\u00eda era que los j\u00f3venes vallecaucanos, primero, valoren su universidad p\u00fablica, porque la Universidad del Valle fue considerada el pasado a\u00f1o como la mejor, y ahora tendr\u00e1n la oportunidad de poder estudiar all\u00ed. No hay mayor satisfacci\u00f3n para uno como gobernante, decir que puede aportar al desarrollo, al conocimiento, y a los estudiantes como personas que tambi\u00e9n van a generar desarrollo para su departamento, su municipio; e igualmente, van a generar mejores condiciones para su familia\u201d.<\/p>\n<p>La mandataria indic\u00f3, adem\u00e1s, que \u201clos escolares realizar\u00e1n un semestre cero a fin de mejorar el aspecto acad\u00e9mico para cuando ingresen a la Universidad e inicien su carrera. Lo anterior, con el prop\u00f3sito de que no vayan a tener dificultades en el aprendizaje; la Universidad del Valle es exigente. No queremos que debido a dificultades los j\u00f3venes deserten\u201d, se\u00f1al\u00f3.<\/p>\n<p>Toro Torres a\u00f1adi\u00f3 que, este proyecto \u201ces otorgado directamente por la Gobernaci\u00f3n del Valle. Contar\u00e1 con un plan matr\u00edcula, subsidio de transporte y alimentaci\u00f3n, y para los j\u00f3venes que residen en otros municipios, se les entregar\u00e1 subsidio de manutenci\u00f3n. Este proyecto ser\u00e1 operado por el ICETEX, ser\u00e1 completamente gratis, pero es un cr\u00e9dito condonable, lo que quiere decir que, si los muchachos finalizan su carrera no tendr\u00e1n que pagar absolutamente nada\u201d, precis\u00f3 la mandataria.<\/p>\n<p>Por su parte, Od\u00edlmer de Jes\u00fas Guti\u00e9rrez, secretario de Educaci\u00f3n del Valle, indic\u00f3 que \u201clos m\u00e1s porras&#8217; es un proyecto bandera de esta administraci\u00f3n, una alianza entre la Gobernaci\u00f3n, el ICETEX y la Universidad del Valle, que busca potencializar el desarrollo de actitudes, habilidades, h\u00e1bitos y conocimientos acad\u00e9micos, de tal forma que puedan enfrentar con \u00e9xito las exigencias y retos que la universidad demanda en la formaci\u00f3n en la educaci\u00f3n superior\u201d.<\/p>\n<p>Fuente Comunicaciones Gobernaci\u00f3n<\/p>\n","protected":false},"excerpt":{"rendered":"<p>\u201cGracias a la gobernadora Dilian Francisca Toro Torres, podr\u00e9 ingresar a la Universidad para convertirme en profesional, ella hizo que mis sue\u00f1os de seguir estudiando se volvieran realidad\u201d. As\u00ed le agradeci\u00f3 John David Ospina, de la instituci\u00f3n educativa Arturo G\u00f3mez Jaramillo, del municipio de Alcal\u00e1, a la mandataria seccional, durante[&#8230;]<\/p>\n","protected":false},"author":1,"featured_media":18583,"comment_status":"open","ping_status":"open","sticky":false,"template":"","format":"standard","meta":{"footnotes":""},"categories":[4],"tags":[],"_links":{"self":[{"href":"https:\/\/emisora.univalle.edu.co\/index.php\/wp-json\/wp\/v2\/posts\/18579"}],"collection":[{"href":"https:\/\/emisora.univalle.edu.co\/index.php\/wp-json\/wp\/v2\/posts"}],"about":[{"href":"https:\/\/emisora.univalle.edu.co\/index.php\/wp-json\/wp\/v2\/types\/post"}],"author":[{"embeddable":true,"href":"https:\/\/emisora.univalle.edu.co\/index.php\/wp-json\/wp\/v2\/users\/1"}],"replies":[{"embeddable":true,"href":"https:\/\/emisora.univalle.edu.co\/index.php\/wp-json\/wp\/v2\/comments?post=18579"}],"version-history":[{"count":1,"href":"https:\/\/emisora.univalle.edu.co\/index.php\/wp-json\/wp\/v2\/posts\/18579\/revisions"}],"predecessor-version":[{"id":18584,"href":"https:\/\/emisora.univalle.edu.co\/index.php\/wp-json\/wp\/v2\/posts\/18579\/revisions\/18584"}],"wp:featuredmedia":[{"embeddable":true,"href":"https:\/\/emisora.univalle.edu.co\/index.php\/wp-json\/wp\/v2\/media\/18583"}],"wp:attachment":[{"href":"https:\/\/emisora.univalle.edu.co\/index.php\/wp-json\/wp\/v2\/media?parent=18579"}],"wp:term":[{"taxonomy":"category","embeddable":true,"href":"https:\/\/emisora.univalle.edu.co\/index.php\/wp-json\/wp\/v2\/categories?post=18579"},{"taxonomy":"post_tag","embeddable":true,"href":"https:\/\/emisora.univalle.edu.co\/index.php\/wp-json\/wp\/v2\/tags?post=18579"}],"curies":[{"name":"wp","href":"https:\/\/api.w.org\/{rel}","templated":true}]}}