{"id":18585,"date":"2017-05-16T14:55:46","date_gmt":"2017-05-16T19:55:46","guid":{"rendered":"https:\/\/emisora.univalle.edu.co\/?p=18585"},"modified":"2017-05-25T14:03:20","modified_gmt":"2017-05-25T19:03:20","slug":"convenio-solar-decathlon-2018-univalle-e-infivalle","status":"publish","type":"post","link":"https:\/\/emisora.univalle.edu.co\/index.php\/convenio-solar-decathlon-2018-univalle-e-infivalle\/","title":{"rendered":"Convenio para el Solar Decathlon 2018, entre Univalle e Infivalle"},"content":{"rendered":"<p><a href=\"https:\/\/emisora.univalle.edu.co\/solar-declathon1\/\"><img loading=\"lazy\" decoding=\"async\" class=\"size-full wp-image-8765 alignleft\" src=\"https:\/\/emisora.univalle.edu.co\/wp-content\/uploads\/2015\/12\/Solar-Declathon1.jpg\" alt=\"Solar Declathon1\" width=\"670\" height=\"323\" srcset=\"https:\/\/emisora.univalle.edu.co\/wp-content\/uploads\/2015\/12\/Solar-Declathon1.jpg 670w, https:\/\/emisora.univalle.edu.co\/wp-content\/uploads\/2015\/12\/Solar-Declathon1-300x144.jpg 300w, https:\/\/emisora.univalle.edu.co\/wp-content\/uploads\/2015\/12\/Solar-Declathon1-438x211.jpg 438w\" sizes=\"(max-width: 670px) 100vw, 670px\" \/><\/a>Un acuerdo que reglamenta la realizaci\u00f3n Solar Decathlon 2018, que por segunda vez consecutiva tendr\u00e1 como sede a Cali, fue suscrito entre la Universidad del Valle y el Instituto Financiero para el Desarrollo del Valle del Cauca-INFIVALLE.<\/p>\n<p>\u201cA diferencia de la versi\u00f3n anterior, que estaba centrada en Am\u00e9rica Latina, esta es una convocatoria m\u00e1s global, donde se espera que se establezcan alianzas de participaci\u00f3n entre la regi\u00f3n y Europa, \u00c1frica, Estados Unidos, Canad\u00e1 y Asia dependiendo de los prop\u00f3sitos y propuestas de las personas que lideren los proyectos\u201d, dijo Edgar Varela Barrios, rector de la Universidad del Valle.<\/p>\n<p>Para esta ocasi\u00f3n, la realizaci\u00f3n del evento estar\u00e1 a cargo de la Gobernaci\u00f3n del Valle, a trav\u00e9s INFIVALLE, y las casas construidas se quedar\u00e1n en La Villa Solar, espacio correspondiente a los terrenos de la Universidad. En el mismo lugar se construir\u00e1 el laboratorio urbano regional, un proyecto liderado por la Universidad del Valle y la Universidad Externado de Colombia, que busca crear un ecosistema de urbanismo sostenible y apoyar el desarrollo del Valle como territorio inteligente.<\/p>\n<p>Marcela Huertas, gerente de INFIVALLE se\u00f1al\u00f3 que \u201cparte del legado que dejan eventos como el Solar Decathlon, es la posibilidad de llevar energ\u00eda fotovoltaica o e\u00f3lica a sectores de la poblaci\u00f3n colombiana donde a\u00fan no ha llegado ese servicio, que deber\u00eda estar satisfecho hace mucho tiempo\u201d.<\/p>\n<p>Al evento, que tuvo lugar en el Campus de San Fernando, tambi\u00e9n asisiti\u00f3 el exalcalde de Cali Rodrigo Guerrero, dijo que \u201ccon la opci\u00f3n de replicabilidad de los proyectos se pueden generar modelos beneficiosos para la ciudad y la regoi\u00f3n, como por ejemplo permitir que una vivienda de inter\u00e9s social sea capaz de producir su propia energ\u00eda y sus habitantes no tengan que preocuparse por pagar esa renta mensual\u201d.<\/p>\n<p>El Solar Decathlon es una iniciativa del Departamento de energ\u00eda de los Estados Unidos en la que universidades de todo el mundo compiten con el dise\u00f1o y la construcci\u00f3n de viviendas sostenibles que funcionan 100% con energ\u00eda solar.<\/p>\n<p><strong>El Solar Decathlon en Univalle<\/strong><\/p>\n<p>Chameleon House y H\u00e1bitat Pac\u00edfico son los dos equipos que competir\u00e1n para representar a la Universidad del Valle en el Solar Decathlon 2018. El equipo que resulte ganador competir\u00e1 con equipos provenientes de universidades de todo el globo, donde deber\u00e1 dise\u00f1ar y construir una vivienda cuyo impacto sobre el medio ambiente sea el menor posible.<\/p>\n<p>Seg\u00fan lo explic\u00f3 Julien Wist, director de la Oficina de Transferencia de Resultados de Investigaci\u00f3n-OTRI de la Universidad del Valle, los dos equipos iniciaron el proceso de competici\u00f3n para determinar quien representar\u00e1 a la Universidad en el Solar Decathlon 2018. La apuesta de la Universidad del Valle es que, una vez finalizada la competencia, se integre un \u00fanico equipo en el que puedan estar involucrados los diferentes grupos que hacen parte de la Universidad.<\/p>\n<p>\u201cUna de las principales caracter\u00edsticas de esta versi\u00f3n, es que la Universidad podr\u00e1 participar en el evento como competidora, ya que en 2015 la casa no hizo parte del grupo evaluado por los jurados, por ser miembro del comit\u00e9 de organizaci\u00f3n\u201d, explic\u00f3 el profesor Wist.<\/p>\n<p>Cabe recordar que el pasado 9 de marzo, en Bogot\u00e1, la Gobernaci\u00f3n del Valle realiz\u00f3 el lanzamiento del Solar Decathlon en un evento que cont\u00f3 con la asistencia especial de Richard King, creador y fundador del certamen.<\/p>\n<p>Fuente: Agencia de Noticias Univalle<\/p>\n","protected":false},"excerpt":{"rendered":"<p>Un acuerdo que reglamenta la realizaci\u00f3n Solar Decathlon 2018, que por segunda vez consecutiva tendr\u00e1 como sede a Cali, fue suscrito entre la Universidad del Valle y el Instituto Financiero para el Desarrollo del Valle del Cauca-INFIVALLE. \u201cA diferencia de la versi\u00f3n anterior, que estaba centrada en Am\u00e9rica Latina, esta[&#8230;]<\/p>\n","protected":false},"author":1,"featured_media":18581,"comment_status":"open","ping_status":"open","sticky":false,"template":"","format":"standard","meta":{"footnotes":""},"categories":[4],"tags":[],"_links":{"self":[{"href":"https:\/\/emisora.univalle.edu.co\/index.php\/wp-json\/wp\/v2\/posts\/18585"}],"collection":[{"href":"https:\/\/emisora.univalle.edu.co\/index.php\/wp-json\/wp\/v2\/posts"}],"about":[{"href":"https:\/\/emisora.univalle.edu.co\/index.php\/wp-json\/wp\/v2\/types\/post"}],"author":[{"embeddable":true,"href":"https:\/\/emisora.univalle.edu.co\/index.php\/wp-json\/wp\/v2\/users\/1"}],"replies":[{"embeddable":true,"href":"https:\/\/emisora.univalle.edu.co\/index.php\/wp-json\/wp\/v2\/comments?post=18585"}],"version-history":[{"count":3,"href":"https:\/\/emisora.univalle.edu.co\/index.php\/wp-json\/wp\/v2\/posts\/18585\/revisions"}],"predecessor-version":[{"id":18589,"href":"https:\/\/emisora.univalle.edu.co\/index.php\/wp-json\/wp\/v2\/posts\/18585\/revisions\/18589"}],"wp:featuredmedia":[{"embeddable":true,"href":"https:\/\/emisora.univalle.edu.co\/index.php\/wp-json\/wp\/v2\/media\/18581"}],"wp:attachment":[{"href":"https:\/\/emisora.univalle.edu.co\/index.php\/wp-json\/wp\/v2\/media?parent=18585"}],"wp:term":[{"taxonomy":"category","embeddable":true,"href":"https:\/\/emisora.univalle.edu.co\/index.php\/wp-json\/wp\/v2\/categories?post=18585"},{"taxonomy":"post_tag","embeddable":true,"href":"https:\/\/emisora.univalle.edu.co\/index.php\/wp-json\/wp\/v2\/tags?post=18585"}],"curies":[{"name":"wp","href":"https:\/\/api.w.org\/{rel}","templated":true}]}}