{"id":18590,"date":"2017-05-16T15:09:09","date_gmt":"2017-05-16T20:09:09","guid":{"rendered":"https:\/\/emisora.univalle.edu.co\/?p=18590"},"modified":"2017-05-19T14:32:51","modified_gmt":"2017-05-19T19:32:51","slug":"univalle-la-tertulia-firman-convenio","status":"publish","type":"post","link":"https:\/\/emisora.univalle.edu.co\/index.php\/univalle-la-tertulia-firman-convenio\/","title":{"rendered":"Univalle y La Tertulia firman convenio"},"content":{"rendered":"<p>Un convenio marco de cooperaci\u00f3n interinstitucional que \u201cpermitir\u00e1 la realizaci\u00f3n de actividades conjuntas, en todas aquellas \u00e1reas de inter\u00e9s rec\u00edproco, con miras al logro de sus fines\u201d, suscribir\u00e1n la Universidad del Valle y el Museo La Tertulia, el pr\u00f3ximo mi\u00e9rcoles 17 de mayo de 2017.<\/p>\n<p>El convenio, que se firmar\u00e1 en la Casa Obeso Mej\u00eda, ubicada en la Avenida 4 Oeste No. 4-59, tendr\u00e1 una duraci\u00f3n de cinco a\u00f1os. Sin embargo, las partes evaluar\u00e1n anualmente su desarrollo y el de los programas de trabajo adelantados durante su vigencia, para evaluar su continuidad.<\/p>\n<p>La firma de este convenio marco de cooperaci\u00f3n proporcionar\u00e1 beneficios para ambas instituciones y podr\u00e1 incluir cualquier programa de trabajo que se considere factible y de inter\u00e9s y que contribuya al fomento y desarrollo de las relaciones de cooperaci\u00f3n mutuas.<\/p>\n<p>Como parte del acto de firma del convenio se presentar\u00e1 una pieza musical de la obra\u00bb Oratorio del r\u00edo de los muertos\u00bb del Maestro Alberto Guzm\u00e1n, profesor de la Escuela de M\u00fasica, y un concierto de la Big Band de la Universidad del Valle.<\/p>\n<p>Fuente: <a href=\"http:\/\/www.univalle.edu.co\/lo-que-pasa-en-la-u\/univalle-y-la-tertulia-firman-convenio\/#\">Agencia de Noticias Univalle<\/a><\/p>\n","protected":false},"excerpt":{"rendered":"<p>Un convenio marco de cooperaci\u00f3n interinstitucional que \u201cpermitir\u00e1 la realizaci\u00f3n de actividades conjuntas, en todas aquellas \u00e1reas de inter\u00e9s rec\u00edproco, con miras al logro de sus fines\u201d, suscribir\u00e1n la Universidad del Valle y el Museo La Tertulia, el pr\u00f3ximo mi\u00e9rcoles 17 de mayo de 2017. El convenio, que se firmar\u00e1[&#8230;]<\/p>\n","protected":false},"author":1,"featured_media":18592,"comment_status":"open","ping_status":"open","sticky":false,"template":"","format":"standard","meta":{"footnotes":""},"categories":[4],"tags":[],"_links":{"self":[{"href":"https:\/\/emisora.univalle.edu.co\/index.php\/wp-json\/wp\/v2\/posts\/18590"}],"collection":[{"href":"https:\/\/emisora.univalle.edu.co\/index.php\/wp-json\/wp\/v2\/posts"}],"about":[{"href":"https:\/\/emisora.univalle.edu.co\/index.php\/wp-json\/wp\/v2\/types\/post"}],"author":[{"embeddable":true,"href":"https:\/\/emisora.univalle.edu.co\/index.php\/wp-json\/wp\/v2\/users\/1"}],"replies":[{"embeddable":true,"href":"https:\/\/emisora.univalle.edu.co\/index.php\/wp-json\/wp\/v2\/comments?post=18590"}],"version-history":[{"count":2,"href":"https:\/\/emisora.univalle.edu.co\/index.php\/wp-json\/wp\/v2\/posts\/18590\/revisions"}],"predecessor-version":[{"id":18595,"href":"https:\/\/emisora.univalle.edu.co\/index.php\/wp-json\/wp\/v2\/posts\/18590\/revisions\/18595"}],"wp:featuredmedia":[{"embeddable":true,"href":"https:\/\/emisora.univalle.edu.co\/index.php\/wp-json\/wp\/v2\/media\/18592"}],"wp:attachment":[{"href":"https:\/\/emisora.univalle.edu.co\/index.php\/wp-json\/wp\/v2\/media?parent=18590"}],"wp:term":[{"taxonomy":"category","embeddable":true,"href":"https:\/\/emisora.univalle.edu.co\/index.php\/wp-json\/wp\/v2\/categories?post=18590"},{"taxonomy":"post_tag","embeddable":true,"href":"https:\/\/emisora.univalle.edu.co\/index.php\/wp-json\/wp\/v2\/tags?post=18590"}],"curies":[{"name":"wp","href":"https:\/\/api.w.org\/{rel}","templated":true}]}}