{"id":18597,"date":"2017-05-17T15:08:01","date_gmt":"2017-05-17T20:08:01","guid":{"rendered":"https:\/\/emisora.univalle.edu.co\/?p=18597"},"modified":"2017-11-02T14:24:46","modified_gmt":"2017-11-02T19:24:46","slug":"cursos-verano-la-escuela-salud-publica-la-universidad-del-valle","status":"publish","type":"post","link":"https:\/\/emisora.univalle.edu.co\/index.php\/cursos-verano-la-escuela-salud-publica-la-universidad-del-valle\/","title":{"rendered":"Cursos de Verano en la Escuela de Salud P\u00fablica de la Universidad del Valle"},"content":{"rendered":"<p style=\"text-align: center;\"><strong><em>Abierto Programa de Actualizaci\u00f3n Internacional en Salud P\u00fablica, PAS, 2017<\/em><\/strong><\/p>\n<p>La Escuela de Salud P\u00fablica de la Facultad de Salud de la Universidad del Valle tiene abiertas las inscripciones para los cursos de verano 2017, del Programa Internacional de Actualizaci\u00f3n en Salud P\u00fablica, PAS.<\/p>\n<p>Del 20 hasta el 23 de junio de 2017 el PAS ofrecer\u00e1 cursos de actualizaci\u00f3n en diferentes l\u00edneas de formaci\u00f3n e investigaci\u00f3n en salud p\u00fablica, epidemiolog\u00eda, salud ocupacional e investigaci\u00f3n cualitativa, que contar\u00e1n con la participaci\u00f3n de profesores de prestigiosas universidades y entidades de Colombia y otros pa\u00edses.<\/p>\n<ul>\n<li><strong>Curso Sistemas de informaci\u00f3n geogr\u00e1fica y su aplicaci\u00f3n en epidemiolog\u00eda y salud p\u00fablica<\/strong><\/li>\n<li><strong>Curso- Taller de Entrenamiento B\u00e1sico Especializado en el Manejo de ATLAS.ti 7.5<\/strong><\/li>\n<li><strong>Curso Informatizaci\u00f3n hospitalaria y del sistema de Salud P\u00fablica con GNU Health.<\/strong><\/li>\n<li><strong>Curso Investigaci\u00f3n de accidentes e incidentes laborales<\/strong><\/li>\n<\/ul>\n<p>Los cursos se llevar\u00e1n a cabo en modalidad presencial, en la sede de la Escuela de Salud P\u00fablica de la Universidad del Valle, campus San Fernando -edificio Santiago Renjifo- (118), en Cali, Colombia.<\/p>\n<p>Pre-inscripciones en l\u00ednea<\/p>\n<p>Cada curso tendr\u00e1 un cupo limitado. Los interesados deben realizar la preinscripci\u00f3n en el siguiente enlace, para solicitar la reserva de su cupo en el curso de su inter\u00e9s.<\/p>\n<p>PREINSCIPCIONES:<\/p>\n<p><a href=\"https:\/\/docs.google.com\/forms\/d\/e\/1FAIpQLSdSrZ4VaBlbxD-hX1xbUl6dINR8HBzFL-K8ZjPTV0JYbPv39w\/viewform?usp=sf_link\">https:\/\/docs.google.com\/forms\/d\/e\/1FAIpQLSdSrZ4VaBlbxD-hX1xbUl6dINR8HBzFL-K8ZjPTV0JYbPv39w\/viewform?usp=sf_link<\/a><\/p>\n<p>Cada cupo se asignar\u00e1 en el orden en que se realicen las inscripciones, previo cumplimiento de los requisitos para los participantes y el pago de los derechos econ\u00f3micos correspondientes.<\/p>\n<p>INFORMACI\u00d3N:<\/p>\n<p>Escuela de Salud P\u00fablica &#8211; Facultad de Salud &#8211; Universidad del Valle<\/p>\n<p>Campus San Fernando. Cali, Colombia- Edificio \u00abSantiago Renjifo\u00bb (118)<\/p>\n<p>Oficina de Extensi\u00f3n y Proyecci\u00f3n Social (303) Calle 4B Nro 36-00<\/p>\n<p>Tel\u00e9fonos: (057-2) 554 2476<\/p>\n<p><a href=\"mailto:extension.saludpublica@correounivalle.edu.co\">extension.saludpublica@correounivalle.edu.co<\/a><\/p>\n<p>Fuente: Grupo de Comunicaciones Escuela de Salud P\u00fablica<\/p>\n<p><a href=\"mailto:comunicaciones.esp@correounivalle.edu.co\">comunicaciones.esp@correounivalle.edu.co<\/a><\/p>\n","protected":false},"excerpt":{"rendered":"<p>Abierto Programa de Actualizaci\u00f3n Internacional en Salud P\u00fablica, PAS, 2017 La Escuela de Salud P\u00fablica de la Facultad de Salud de la Universidad del Valle tiene abiertas las inscripciones para los cursos de verano 2017, del Programa Internacional de Actualizaci\u00f3n en Salud P\u00fablica, PAS. Del 20 hasta el 23 de[&#8230;]<\/p>\n","protected":false},"author":1,"featured_media":18598,"comment_status":"open","ping_status":"open","sticky":false,"template":"","format":"standard","meta":{"footnotes":""},"categories":[4],"tags":[],"_links":{"self":[{"href":"https:\/\/emisora.univalle.edu.co\/index.php\/wp-json\/wp\/v2\/posts\/18597"}],"collection":[{"href":"https:\/\/emisora.univalle.edu.co\/index.php\/wp-json\/wp\/v2\/posts"}],"about":[{"href":"https:\/\/emisora.univalle.edu.co\/index.php\/wp-json\/wp\/v2\/types\/post"}],"author":[{"embeddable":true,"href":"https:\/\/emisora.univalle.edu.co\/index.php\/wp-json\/wp\/v2\/users\/1"}],"replies":[{"embeddable":true,"href":"https:\/\/emisora.univalle.edu.co\/index.php\/wp-json\/wp\/v2\/comments?post=18597"}],"version-history":[{"count":1,"href":"https:\/\/emisora.univalle.edu.co\/index.php\/wp-json\/wp\/v2\/posts\/18597\/revisions"}],"predecessor-version":[{"id":18613,"href":"https:\/\/emisora.univalle.edu.co\/index.php\/wp-json\/wp\/v2\/posts\/18597\/revisions\/18613"}],"wp:featuredmedia":[{"embeddable":true,"href":"https:\/\/emisora.univalle.edu.co\/index.php\/wp-json\/wp\/v2\/media\/18598"}],"wp:attachment":[{"href":"https:\/\/emisora.univalle.edu.co\/index.php\/wp-json\/wp\/v2\/media?parent=18597"}],"wp:term":[{"taxonomy":"category","embeddable":true,"href":"https:\/\/emisora.univalle.edu.co\/index.php\/wp-json\/wp\/v2\/categories?post=18597"},{"taxonomy":"post_tag","embeddable":true,"href":"https:\/\/emisora.univalle.edu.co\/index.php\/wp-json\/wp\/v2\/tags?post=18597"}],"curies":[{"name":"wp","href":"https:\/\/api.w.org\/{rel}","templated":true}]}}