{"id":18614,"date":"2017-05-17T15:11:44","date_gmt":"2017-05-17T20:11:44","guid":{"rendered":"https:\/\/emisora.univalle.edu.co\/?p=18614"},"modified":"2017-05-19T14:32:35","modified_gmt":"2017-05-19T19:32:35","slug":"participacion-activa-los-egresados-las-actividades-la-sede-palmira","status":"publish","type":"post","link":"https:\/\/emisora.univalle.edu.co\/index.php\/participacion-activa-los-egresados-las-actividades-la-sede-palmira\/","title":{"rendered":"Participaci\u00f3n activa de los egresados en las actividades de la sede de Palmira"},"content":{"rendered":"<p>La oficina de Extensi\u00f3n program\u00f3 diferentes actividades en el mes de mayo dirigidas a toda la comunidad universitaria y nuestros egresados se han vinculado a cada una de ellas como parte activa de las mismas regresando a su Alma Mater.<\/p>\n<p><strong>Taller de Orientaci\u00f3n Laboral 8 mayo<\/strong><\/p>\n<p><a href=\"https:\/\/emisora.univalle.edu.co\/cursos-verano-la-escuela-salud-publica-la-universidad-del-valle\/palmira2\/\" rel=\"attachment wp-att-18607\"><img loading=\"lazy\" decoding=\"async\" class=\"alignleft size-full wp-image-18607\" src=\"https:\/\/emisora.univalle.edu.co\/wp-content\/uploads\/2017\/05\/palmira2.jpg\" alt=\"palmira2\" width=\"560\" height=\"373\" srcset=\"https:\/\/emisora.univalle.edu.co\/wp-content\/uploads\/2017\/05\/palmira2.jpg 560w, https:\/\/emisora.univalle.edu.co\/wp-content\/uploads\/2017\/05\/palmira2-300x200.jpg 300w, https:\/\/emisora.univalle.edu.co\/wp-content\/uploads\/2017\/05\/palmira2-438x292.jpg 438w\" sizes=\"(max-width: 560px) 100vw, 560px\" \/><\/a>Esta actividad busc\u00f3 fortalecer a los estudiantes, candidatos a grado y egresados sus habilidades para construir una hoja de vida efectiva y convertirse en candidatos destacados en las diferentes convocatorias.<\/p>\n<p><strong>2da Expo Feria Emprendimiento &#8211; Empresa 16 mayo<\/strong><\/p>\n<p>En el marco de esta feria del emprendimiento participaron estudiantes, egresados y emprendedores de la comunidad, dando a conocer sus innovaciones a la comunidad universitaria.<\/p>\n<p><strong>Conferencia Habilidades Gerenciales 16 mayo<\/strong><\/p>\n<p>Nuestros Egresados acudieron al llamado de su Universidad para asistir a la conferencia sobre Habilidades Gerenciales ofrecida por el consultor empresarial Jeridhalfer Amariles, donde ellos vieron la importancia de desarrollar estas habilidades para estar a la vanguardia de los cambios empresariales a nivel global. Tambi\u00e9n participaron estudiantes y futuros egresados para enterarse de los beneficios que tendr\u00e1n al graduarse.<\/p>\n<p><a href=\"https:\/\/emisora.univalle.edu.co\/cursos-verano-la-escuela-salud-publica-la-universidad-del-valle\/palmira3\/\" rel=\"attachment wp-att-18608\"><img loading=\"lazy\" decoding=\"async\" class=\"size-full wp-image-18608 alignright\" src=\"https:\/\/emisora.univalle.edu.co\/wp-content\/uploads\/2017\/05\/palmira3.jpg\" alt=\"palmira3\" width=\"560\" height=\"373\" srcset=\"https:\/\/emisora.univalle.edu.co\/wp-content\/uploads\/2017\/05\/palmira3.jpg 560w, https:\/\/emisora.univalle.edu.co\/wp-content\/uploads\/2017\/05\/palmira3-300x200.jpg 300w, https:\/\/emisora.univalle.edu.co\/wp-content\/uploads\/2017\/05\/palmira3-438x292.jpg 438w\" sizes=\"(max-width: 560px) 100vw, 560px\" \/><\/a>La actividad culmin\u00f3 con la presentaci\u00f3n art\u00edstica de nuestra egresada del programa de Administraci\u00f3n de Empresas Blanca Ram\u00edrez con su proyecto de emprendimiento cultural llamado Circosentidos Laboratorio Teatral apoyado por diferentes organizaciones de la ciudad y que cerr\u00f3 la jornada de manera divertida y din\u00e1mica.<\/p>\n<p>Fuente: Comunicaciones Univalle Palmira<\/p>\n","protected":false},"excerpt":{"rendered":"<p>La oficina de Extensi\u00f3n program\u00f3 diferentes actividades en el mes de mayo dirigidas a toda la comunidad universitaria y nuestros egresados se han vinculado a cada una de ellas como parte activa de las mismas regresando a su Alma Mater. Taller de Orientaci\u00f3n Laboral 8 mayo Esta actividad busc\u00f3 fortalecer[&#8230;]<\/p>\n","protected":false},"author":1,"featured_media":18606,"comment_status":"open","ping_status":"open","sticky":false,"template":"","format":"standard","meta":{"footnotes":""},"categories":[4],"tags":[],"_links":{"self":[{"href":"https:\/\/emisora.univalle.edu.co\/index.php\/wp-json\/wp\/v2\/posts\/18614"}],"collection":[{"href":"https:\/\/emisora.univalle.edu.co\/index.php\/wp-json\/wp\/v2\/posts"}],"about":[{"href":"https:\/\/emisora.univalle.edu.co\/index.php\/wp-json\/wp\/v2\/types\/post"}],"author":[{"embeddable":true,"href":"https:\/\/emisora.univalle.edu.co\/index.php\/wp-json\/wp\/v2\/users\/1"}],"replies":[{"embeddable":true,"href":"https:\/\/emisora.univalle.edu.co\/index.php\/wp-json\/wp\/v2\/comments?post=18614"}],"version-history":[{"count":1,"href":"https:\/\/emisora.univalle.edu.co\/index.php\/wp-json\/wp\/v2\/posts\/18614\/revisions"}],"predecessor-version":[{"id":18616,"href":"https:\/\/emisora.univalle.edu.co\/index.php\/wp-json\/wp\/v2\/posts\/18614\/revisions\/18616"}],"wp:featuredmedia":[{"embeddable":true,"href":"https:\/\/emisora.univalle.edu.co\/index.php\/wp-json\/wp\/v2\/media\/18606"}],"wp:attachment":[{"href":"https:\/\/emisora.univalle.edu.co\/index.php\/wp-json\/wp\/v2\/media?parent=18614"}],"wp:term":[{"taxonomy":"category","embeddable":true,"href":"https:\/\/emisora.univalle.edu.co\/index.php\/wp-json\/wp\/v2\/categories?post=18614"},{"taxonomy":"post_tag","embeddable":true,"href":"https:\/\/emisora.univalle.edu.co\/index.php\/wp-json\/wp\/v2\/tags?post=18614"}],"curies":[{"name":"wp","href":"https:\/\/api.w.org\/{rel}","templated":true}]}}