{"id":18617,"date":"2017-05-17T15:14:20","date_gmt":"2017-05-17T20:14:20","guid":{"rendered":"https:\/\/emisora.univalle.edu.co\/?p=18617"},"modified":"2017-05-19T14:27:00","modified_gmt":"2017-05-19T19:27:00","slug":"conmemoracion-50-anos-cien-anos-soledad","status":"publish","type":"post","link":"https:\/\/emisora.univalle.edu.co\/index.php\/conmemoracion-50-anos-cien-anos-soledad\/","title":{"rendered":"Conmemoraci\u00f3n: 50 a\u00f1os de Cien a\u00f1os de soledad"},"content":{"rendered":"<p><a href=\"https:\/\/emisora.univalle.edu.co\/cursos-verano-la-escuela-salud-publica-la-universidad-del-valle\/cien-anos\/\" rel=\"attachment wp-att-18599\"><img loading=\"lazy\" decoding=\"async\" class=\"alignleft size-full wp-image-18599\" src=\"https:\/\/emisora.univalle.edu.co\/wp-content\/uploads\/2017\/05\/cien-a\u00f1os.jpg\" alt=\"cien-a\u00f1os\" width=\"1629\" height=\"2493\" srcset=\"https:\/\/emisora.univalle.edu.co\/wp-content\/uploads\/2017\/05\/cien-a\u00f1os.jpg 1629w, https:\/\/emisora.univalle.edu.co\/wp-content\/uploads\/2017\/05\/cien-a\u00f1os-196x300.jpg 196w, https:\/\/emisora.univalle.edu.co\/wp-content\/uploads\/2017\/05\/cien-a\u00f1os-768x1175.jpg 768w, https:\/\/emisora.univalle.edu.co\/wp-content\/uploads\/2017\/05\/cien-a\u00f1os-669x1024.jpg 669w, https:\/\/emisora.univalle.edu.co\/wp-content\/uploads\/2017\/05\/cien-a\u00f1os-438x670.jpg 438w\" sizes=\"(max-width: 1629px) 100vw, 1629px\" \/><\/a>La Escuela de Estudios Literarios de la Facultad de Humanidades de la Universidad del Valle conmemorar\u00e1 los cincuenta a\u00f1os de la publicaci\u00f3n de Cien a\u00f1os de soledad, la novela fundamental de nuestro Nobel de Literatura, Gabriel Garc\u00eda M\u00e1rquez. Esta novela apareci\u00f3 en Buenos Aires el 31 de mayo de 1967. Su importancia para nuestra cultura resuena en el poema de Neruda:<\/p>\n<p><strong>Erupci\u00f3n magna de nuestro tiempo: <\/strong><\/p>\n<p><strong>en sus invenciones de arcilla, <\/strong><\/p>\n<p><strong>sucios de barro y de lava, <\/strong><\/p>\n<p><strong>nacieron para no morir <\/strong><\/p>\n<p><strong>muchos hombres de carne y hueso.<\/strong><\/p>\n<p>La Escuela de Estudios Literarios y el Grupo de Investigaci\u00f3n en Autores Colombianos y Latinoamericanos de Univalle har\u00e1n una jornada con importantes acad\u00e9micos y escritores colombianos para hablar de la importancia de esta obra magna de la literatura universal y de la experiencia de leer la, as\u00ed llamada, \u201cnovela de Am\u00e9rica\u201d.<\/p>\n<p>Este evento tendr\u00e1 lugar en la Sala Jorge Isaacs de la Biblioteca Departamental el d\u00eda 25 de mayo desde las 9:30 de la ma\u00f1ana hasta las 6 de la tarde. Los asistentes podr\u00e1n apreciar tanto el impacto que produjo esta obra maestra como las miradas y lecturas renovadas que las siguen acompa\u00f1ando despu\u00e9s de medio siglo.<\/p>\n<p>La siguiente es la programaci\u00f3n:<\/p>\n<p><strong>9:30 a.m.<\/strong><\/p>\n<p><strong>CONFERENCIAS<\/strong><\/p>\n<ul>\n<li><strong> David Lara Ramos: \u201cPeriodismo creador de realidades\u201d<\/strong><\/li>\n<li><strong> Orlando Ara\u00fajo Fontalvo: \u201cCAS a medio siglo\u201d<\/strong><\/li>\n<li><strong> Edgar Rey Sinning CAS y los significados de la cultura popular<\/strong><\/li>\n<\/ul>\n<p><strong>Coordinador: Juan Carrillo<\/strong><\/p>\n<p><strong>\u00a0<\/strong><strong>1:30 p.m.<\/strong><\/p>\n<p><strong>CONFERENCIAS<\/strong><\/p>\n<ul>\n<li><strong> Rodrigo Arguello CAS y el realismo m\u00e1gico<\/strong><\/li>\n<li><strong> Hern\u00e1n Toro CAS y la narrativa rabelesiana<\/strong><\/li>\n<li><strong> Juan Moreno Blanco CAS y la pluralidad del tiempo<\/strong><\/li>\n<\/ul>\n<p><strong>Coordinadora: Nataly Ram\u00edrez<\/strong><\/p>\n<p><strong>\u00a0<\/strong><strong>3:30 p.m.<\/strong><\/p>\n<p><strong>CONVERSATORIO: \u201cMi lectura de CAS\u201d<\/strong><\/p>\n<ul>\n<li><strong> Santiago Gamboa<\/strong><\/li>\n<li><strong> Julio C\u00e9sar Londo\u00f1o<\/strong><\/li>\n<li><strong> Carmi\u00f1a Navia<\/strong><\/li>\n<li><strong> Fernando Cruz Kronfly<\/strong><\/li>\n<\/ul>\n<p><strong>Coordinador: Juan Moreno Blanco<\/strong><\/p>\n<p>Ver afiche:<\/p>\n<p><a href=\"https:\/\/drive.google.com\/file\/d\/0B3166DOwyCu0TllWZEQ2NFExWXM\/view?usp=sharing\">https:\/\/drive.google.com\/file\/d\/0B3166DOwyCu0TllWZEQ2NFExWXM\/view?usp=sharing<\/a><\/p>\n","protected":false},"excerpt":{"rendered":"<p>La Escuela de Estudios Literarios de la Facultad de Humanidades de la Universidad del Valle conmemorar\u00e1 los cincuenta a\u00f1os de la publicaci\u00f3n de Cien a\u00f1os de soledad, la novela fundamental de nuestro Nobel de Literatura, Gabriel Garc\u00eda M\u00e1rquez. Esta novela apareci\u00f3 en Buenos Aires el 31 de mayo de 1967.[&#8230;]<\/p>\n","protected":false},"author":1,"featured_media":18600,"comment_status":"open","ping_status":"open","sticky":false,"template":"","format":"standard","meta":{"footnotes":""},"categories":[4],"tags":[],"_links":{"self":[{"href":"https:\/\/emisora.univalle.edu.co\/index.php\/wp-json\/wp\/v2\/posts\/18617"}],"collection":[{"href":"https:\/\/emisora.univalle.edu.co\/index.php\/wp-json\/wp\/v2\/posts"}],"about":[{"href":"https:\/\/emisora.univalle.edu.co\/index.php\/wp-json\/wp\/v2\/types\/post"}],"author":[{"embeddable":true,"href":"https:\/\/emisora.univalle.edu.co\/index.php\/wp-json\/wp\/v2\/users\/1"}],"replies":[{"embeddable":true,"href":"https:\/\/emisora.univalle.edu.co\/index.php\/wp-json\/wp\/v2\/comments?post=18617"}],"version-history":[{"count":1,"href":"https:\/\/emisora.univalle.edu.co\/index.php\/wp-json\/wp\/v2\/posts\/18617\/revisions"}],"predecessor-version":[{"id":18618,"href":"https:\/\/emisora.univalle.edu.co\/index.php\/wp-json\/wp\/v2\/posts\/18617\/revisions\/18618"}],"wp:featuredmedia":[{"embeddable":true,"href":"https:\/\/emisora.univalle.edu.co\/index.php\/wp-json\/wp\/v2\/media\/18600"}],"wp:attachment":[{"href":"https:\/\/emisora.univalle.edu.co\/index.php\/wp-json\/wp\/v2\/media?parent=18617"}],"wp:term":[{"taxonomy":"category","embeddable":true,"href":"https:\/\/emisora.univalle.edu.co\/index.php\/wp-json\/wp\/v2\/categories?post=18617"},{"taxonomy":"post_tag","embeddable":true,"href":"https:\/\/emisora.univalle.edu.co\/index.php\/wp-json\/wp\/v2\/tags?post=18617"}],"curies":[{"name":"wp","href":"https:\/\/api.w.org\/{rel}","templated":true}]}}