{"id":18621,"date":"2017-05-17T15:18:47","date_gmt":"2017-05-17T20:18:47","guid":{"rendered":"https:\/\/emisora.univalle.edu.co\/?p=18621"},"modified":"2017-05-19T14:25:12","modified_gmt":"2017-05-19T19:25:12","slug":"reforma-electoral-desarrollo-los-acuerdos-paz","status":"publish","type":"post","link":"https:\/\/emisora.univalle.edu.co\/index.php\/reforma-electoral-desarrollo-los-acuerdos-paz\/","title":{"rendered":"Reforma electoral en el desarrollo de los Acuerdos de Paz"},"content":{"rendered":"<p>El Programa Institucional de Paz y el Programa de Estudios Pol\u00edticos y Resoluci\u00f3n de Conflictos invitan al Conversatorio \u00abReforma electoral en el contexto del desarrollo de los Acuerdos de Paz\u201d, que se realizar\u00e1 este jueves 18 de mayo de 2017, a las 2:00 p.m, en el Auditorio Calima de la Facultad de Ciencias Naturales y Exactas, Edificio 320, Mel\u00e9ndez.<\/p>\n<p>La invitada al conversatorio es Alejandra Barrios Cabrera, directora de la Misi\u00f3n de Observaci\u00f3n Electoral \u2013 MOE.<\/p>\n<p>La MOE lider\u00f3 la mesa de concertaci\u00f3n sobre la reforma electoral en las negociaciones del acuerdo de paz, por tanto, su participaci\u00f3n en este evento servir\u00e1 para que la comunidad conozca el papel que las din\u00e1micas pol\u00edticas y electorales cumplir\u00e1n en el posacuerdo.<\/p>\n<p style=\"text-align: justify;\"><a href=\"https:\/\/emisora.univalle.edu.co\/cursos-verano-la-escuela-salud-publica-la-universidad-del-valle\/reforma-electoral1\/\" rel=\"attachment wp-att-18612\"><img loading=\"lazy\" decoding=\"async\" class=\"size-full wp-image-18612 aligncenter\" src=\"https:\/\/emisora.univalle.edu.co\/wp-content\/uploads\/2017\/05\/reforma-electoral1.jpg\" alt=\"reforma-electoral1\" width=\"439\" height=\"550\" srcset=\"https:\/\/emisora.univalle.edu.co\/wp-content\/uploads\/2017\/05\/reforma-electoral1.jpg 439w, https:\/\/emisora.univalle.edu.co\/wp-content\/uploads\/2017\/05\/reforma-electoral1-239x300.jpg 239w, https:\/\/emisora.univalle.edu.co\/wp-content\/uploads\/2017\/05\/reforma-electoral1-438x549.jpg 438w\" sizes=\"(max-width: 439px) 100vw, 439px\" \/><\/a><\/p>\n<p>Fuente: Agencia de Noticias Univalle<\/p>\n","protected":false},"excerpt":{"rendered":"<p>El Programa Institucional de Paz y el Programa de Estudios Pol\u00edticos y Resoluci\u00f3n de Conflictos invitan al Conversatorio \u00abReforma electoral en el contexto del desarrollo de los Acuerdos de Paz\u201d, que se realizar\u00e1 este jueves 18 de mayo de 2017, a las 2:00 p.m, en el Auditorio Calima de la[&#8230;]<\/p>\n","protected":false},"author":1,"featured_media":18611,"comment_status":"open","ping_status":"open","sticky":false,"template":"","format":"standard","meta":{"footnotes":""},"categories":[4],"tags":[],"_links":{"self":[{"href":"https:\/\/emisora.univalle.edu.co\/index.php\/wp-json\/wp\/v2\/posts\/18621"}],"collection":[{"href":"https:\/\/emisora.univalle.edu.co\/index.php\/wp-json\/wp\/v2\/posts"}],"about":[{"href":"https:\/\/emisora.univalle.edu.co\/index.php\/wp-json\/wp\/v2\/types\/post"}],"author":[{"embeddable":true,"href":"https:\/\/emisora.univalle.edu.co\/index.php\/wp-json\/wp\/v2\/users\/1"}],"replies":[{"embeddable":true,"href":"https:\/\/emisora.univalle.edu.co\/index.php\/wp-json\/wp\/v2\/comments?post=18621"}],"version-history":[{"count":1,"href":"https:\/\/emisora.univalle.edu.co\/index.php\/wp-json\/wp\/v2\/posts\/18621\/revisions"}],"predecessor-version":[{"id":18622,"href":"https:\/\/emisora.univalle.edu.co\/index.php\/wp-json\/wp\/v2\/posts\/18621\/revisions\/18622"}],"wp:featuredmedia":[{"embeddable":true,"href":"https:\/\/emisora.univalle.edu.co\/index.php\/wp-json\/wp\/v2\/media\/18611"}],"wp:attachment":[{"href":"https:\/\/emisora.univalle.edu.co\/index.php\/wp-json\/wp\/v2\/media?parent=18621"}],"wp:term":[{"taxonomy":"category","embeddable":true,"href":"https:\/\/emisora.univalle.edu.co\/index.php\/wp-json\/wp\/v2\/categories?post=18621"},{"taxonomy":"post_tag","embeddable":true,"href":"https:\/\/emisora.univalle.edu.co\/index.php\/wp-json\/wp\/v2\/tags?post=18621"}],"curies":[{"name":"wp","href":"https:\/\/api.w.org\/{rel}","templated":true}]}}