{"id":18625,"date":"2017-05-17T15:22:02","date_gmt":"2017-05-17T20:22:02","guid":{"rendered":"https:\/\/emisora.univalle.edu.co\/?p=18625"},"modified":"2017-05-19T14:26:50","modified_gmt":"2017-05-19T19:26:50","slug":"guerra-literatura-la-obra-jorge-eliecer-pardo","status":"publish","type":"post","link":"https:\/\/emisora.univalle.edu.co\/index.php\/guerra-literatura-la-obra-jorge-eliecer-pardo\/","title":{"rendered":"Guerra y literatura en la obra de Jorge Eliecer Pardo"},"content":{"rendered":"<p><a href=\"https:\/\/emisora.univalle.edu.co\/cursos-verano-la-escuela-salud-publica-la-universidad-del-valle\/nuevo-registro\/\" rel=\"attachment wp-att-18603\"><img loading=\"lazy\" decoding=\"async\" class=\"alignleft size-full wp-image-18603\" src=\"https:\/\/emisora.univalle.edu.co\/wp-content\/uploads\/2017\/05\/nuevo-registro.jpg\" alt=\"nuevo-registro\" width=\"400\" height=\"593\" srcset=\"https:\/\/emisora.univalle.edu.co\/wp-content\/uploads\/2017\/05\/nuevo-registro.jpg 400w, https:\/\/emisora.univalle.edu.co\/wp-content\/uploads\/2017\/05\/nuevo-registro-202x300.jpg 202w\" sizes=\"(max-width: 400px) 100vw, 400px\" \/><\/a>El presente libro recoge 56 textos entre ensayos, rese\u00f1as, comentarios y entrevistas, sobre el trabajo literario de Jorge Eliecer Pardo (L\u00edbano, Tolima 1950), en particular las novelas \u2018El pianista que lleg\u00f3 de Hamburgo\u2019 (2012), \u2018La Baronesa del circo Atayde\u2019 (2015), \u2018Trashumantes de la guerra perdida\u2019 (2016) \u2014primeras de El quinteto de la fr\u00e1gil memoria\u2014 y el libro de cuentos \u2018Los velos de la memoria\u2019 (2014), publicadas despu\u00e9s de 20 a\u00f1os de silencio editorial del escritor (1992-2012).<\/p>\n<p>Los textos, de intelectuales con amplia trayectoria aportan reflexiones a la discusi\u00f3n de la literatura que aborda la guerra y el conflicto armado colombiano, tema, que en los a\u00f1os 80 fue estigmatizado por editoriales, cr\u00edticos, peri\u00f3dicos y revistas, pero que toma relevancia ante la necesidad de reconstruir la memoria hist\u00f3rica de los conflictos armados en Colombia desde las manifestaciones art\u00edsticas, nuevo enfoque que el autor en este quinteto da a su estructura narrativa, al uso del lenguaje po\u00e9tico y la simbolog\u00eda que en su entramado viene gestando desde la celebrada novela \u2018El jard\u00edn de las Weismann\u2019 (1979).<\/p>\n<p>Fuente: Agencia de Noticias Univalle<\/p>\n","protected":false},"excerpt":{"rendered":"<p>El presente libro recoge 56 textos entre ensayos, rese\u00f1as, comentarios y entrevistas, sobre el trabajo literario de Jorge Eliecer Pardo (L\u00edbano, Tolima 1950), en particular las novelas \u2018El pianista que lleg\u00f3 de Hamburgo\u2019 (2012), \u2018La Baronesa del circo Atayde\u2019 (2015), \u2018Trashumantes de la guerra perdida\u2019 (2016) \u2014primeras de El quinteto[&#8230;]<\/p>\n","protected":false},"author":1,"featured_media":18602,"comment_status":"open","ping_status":"open","sticky":false,"template":"","format":"standard","meta":{"footnotes":""},"categories":[4],"tags":[],"_links":{"self":[{"href":"https:\/\/emisora.univalle.edu.co\/index.php\/wp-json\/wp\/v2\/posts\/18625"}],"collection":[{"href":"https:\/\/emisora.univalle.edu.co\/index.php\/wp-json\/wp\/v2\/posts"}],"about":[{"href":"https:\/\/emisora.univalle.edu.co\/index.php\/wp-json\/wp\/v2\/types\/post"}],"author":[{"embeddable":true,"href":"https:\/\/emisora.univalle.edu.co\/index.php\/wp-json\/wp\/v2\/users\/1"}],"replies":[{"embeddable":true,"href":"https:\/\/emisora.univalle.edu.co\/index.php\/wp-json\/wp\/v2\/comments?post=18625"}],"version-history":[{"count":1,"href":"https:\/\/emisora.univalle.edu.co\/index.php\/wp-json\/wp\/v2\/posts\/18625\/revisions"}],"predecessor-version":[{"id":18626,"href":"https:\/\/emisora.univalle.edu.co\/index.php\/wp-json\/wp\/v2\/posts\/18625\/revisions\/18626"}],"wp:featuredmedia":[{"embeddable":true,"href":"https:\/\/emisora.univalle.edu.co\/index.php\/wp-json\/wp\/v2\/media\/18602"}],"wp:attachment":[{"href":"https:\/\/emisora.univalle.edu.co\/index.php\/wp-json\/wp\/v2\/media?parent=18625"}],"wp:term":[{"taxonomy":"category","embeddable":true,"href":"https:\/\/emisora.univalle.edu.co\/index.php\/wp-json\/wp\/v2\/categories?post=18625"},{"taxonomy":"post_tag","embeddable":true,"href":"https:\/\/emisora.univalle.edu.co\/index.php\/wp-json\/wp\/v2\/tags?post=18625"}],"curies":[{"name":"wp","href":"https:\/\/api.w.org\/{rel}","templated":true}]}}