{"id":18627,"date":"2017-05-17T15:23:31","date_gmt":"2017-05-17T20:23:31","guid":{"rendered":"https:\/\/emisora.univalle.edu.co\/?p=18627"},"modified":"2017-05-25T14:03:07","modified_gmt":"2017-05-25T19:03:07","slug":"distinguido-la-comunidad-andina-naciones","status":"publish","type":"post","link":"https:\/\/emisora.univalle.edu.co\/index.php\/distinguido-la-comunidad-andina-naciones\/","title":{"rendered":"Distinguido por la Comunidad Andina de Naciones"},"content":{"rendered":"<p><a href=\"https:\/\/emisora.univalle.edu.co\/cursos-verano-la-escuela-salud-publica-la-universidad-del-valle\/patentes-en-salud\/\" rel=\"attachment wp-att-18609\"><img loading=\"lazy\" decoding=\"async\" class=\"alignleft size-full wp-image-18609\" src=\"https:\/\/emisora.univalle.edu.co\/wp-content\/uploads\/2017\/05\/patentes-en-salud.jpg\" alt=\"patentes en salud\" width=\"400\" height=\"273\" srcset=\"https:\/\/emisora.univalle.edu.co\/wp-content\/uploads\/2017\/05\/patentes-en-salud.jpg 400w, https:\/\/emisora.univalle.edu.co\/wp-content\/uploads\/2017\/05\/patentes-en-salud-300x205.jpg 300w\" sizes=\"(max-width: 400px) 100vw, 400px\" \/><\/a>La Comunidad Andina de Naciones, en el marco del \u201cD\u00eda de la propiedad intelectual\u201d, otorgar\u00e1 al docente e investigador de la Escuela de Ingenier\u00eda Qu\u00edmica de la Universidad del Valle Rub\u00e9n Jes\u00fas Camargo Amado, y a su Grupo de Investigaci\u00f3n en Fisicoqu\u00edmica de bio y nanomateriales, un reconocimiento por su contribuci\u00f3n al desarrollo de una de las patentes m\u00e1s sobresalientes en el sector Salud.<\/p>\n<p>Camargo Amado hace parte del grupo de cient\u00edficos latinoamericanos que ser\u00e1n distinguidos durante el evento \u201cAspectos Pr\u00e1cticos sobre Patentes en el Sector Salud\u201d, que se llevar\u00e1 a cabo el 17 de mayo, en la Secretar\u00eda General de la Comunidad Andina de Naciones, en la Universidad Cayetano de Heredia, en Lima, Per\u00fa.<\/p>\n<p>\u00abEste reconocimiento es importante porque evidencia que el desarrollo de patente ha traspasado fronteras, y est\u00e1 siendo conocida en la regi\u00f3n. De igual manera, mediante esta distinci\u00f3n de la Comunidad Andina de Naciones, se visibiliza el trabajo de investigaci\u00f3n de la Universidad del Valle en el campo de la salud y la ingenier\u00eda en Latinoam\u00e9rica\u201d, se\u00f1al\u00f3 Camargo.<\/p>\n<p>El desarrollo cient\u00edfico adelantado por el investigador, que obtuvo la patente de invenci\u00f3n de la Superintendencia de Industria y Comercio mediante Resoluci\u00f3n No. 42.603 de 2016, se basa en la utilizaci\u00f3n de un nanocompuesto de Di\u00f3xido de Titanio (TiO2), modificado y estimulado con luz ultravioleta en un proceso de terapia fotodin\u00e1mica para tratar el c\u00e1ncer. El tratamiento act\u00faa por selectividad y localizaci\u00f3n espec\u00edfica, con pr\u00e1cticamente 0 % de destrucci\u00f3n de las c\u00e9lulas sanas y un porcentaje de efectividad del 98 %, sin mutaciones, contraindicaciones y m\u00ednimas posibilidades de presentar la enfermedad nuevamente.<\/p>\n<p>El di\u00f3xido de titanio es un compuesto qu\u00edmico con una amplia gama de aplicaciones. Al ser modificada su estructura molecular se convierte en un nanocompuesto, con nuevas propiedades que han arrojado resultados positivos en el tratamiento de las c\u00e9lulas cancer\u00edgenas.<\/p>\n<p><strong>Estas son las 10 patentes colombianas que recibir\u00e1n la distinci\u00f3n de la Comunidad Andina:<\/strong><\/p>\n<p>S\u00edntesis de nanocompuestos que incorporan \u00f3xido de titanio fase anatasa y composici\u00f3n que los contienen para el tratamiento del c\u00e1ncer, por Rub\u00e9n Jes\u00fas Camargo Amado, Oscar Gutierrez Montes, Monica Jimena Basante Romo, William David Criollo G\u00f3mez.<\/p>\n<p>Simulador de la formaci\u00f3n del menisco lagrimal con lente de contacto, por Hernando Jos\u00e9 Hern\u00e1ndez Leal.<\/p>\n<p>Protector dorsal para manos, por Carlos Adolfo Julio Castro.<\/p>\n<p>Composici\u00f3n farmac\u00e9utica para la disfunci\u00f3n er\u00e9ctil que comprende alprostadil, papaverina, fentolamina y atropina, donde dicha composici\u00f3n adicionalmente comprende un soporte farmac\u00e9utico acuoso que incluye edta dis\u00f3dico, parabenos, bisulfito de sodio, cloruro de sodio y etanol, por David Felipe Caicedo Pinto, Ciro Hernandez Silva Ria\u00f1o, Juan Mart\u00edn Olivier Lopez, Carlos Omar Higuera, Victor Alejandro Caicedo Pinto.<\/p>\n<p>Composici\u00f3n farmac\u00e9utica de administraci\u00f3n t\u00f3pica que comprenden clomipramina y edta, como agentes terap\u00e9uticos para la eyaculaci\u00f3n precoz y su proceso de fabricaci\u00f3n, por David Felipe Caicedo Pinto, Ciro Hernandez Silva Ria\u00f1o, Juan Mart\u00edn Olivier Lopez, Carlos Omar higuera, Victor Alejandro Caicedo Pinto.<\/p>\n<p>M\u00e9todo para monitoreo preliminar de eventos electrocard\u00edacos en tiempo real, por Henry Hermel Andrade Caicedo, Adrian Alberto Amaya Casas , John Jairo Bustamante Osorno, Jose Francisco Saenz Cogollo, Sergio Albeiro Marin Correa.<\/p>\n<p>Dispositivo Exoesquel\u00e9tico de Rehabilitaci\u00f3n para los dedos de la mano, por Oscar Fernando Avil\u00e9s S\u00e1nchez, Hoffman Fernando Ramirez Guio, Cesar Augusto C\u00e1ceres Fajardo, Maria Fernanda G\u00f3mez D\u00edaz.<\/p>\n<p>Dispositivo para lectura, almacenamiento y transmisi\u00f3n remota, m\u00f3vil y georeferenciada de signos vitales, por Victor Raul Castillo Mantilla, Eugenio Sarmiento Caraballo, Martin Eduardo Guevara Tarazona, Holguer Andres Becerra Daza, Andres Felipe Palomino Suescun, Leonardo Andres Rodriguez Salazar, Sherneyko Plata Rangel, Jose Pablo Pinilla G\u00f3mez.<\/p>\n<p>Sistema port\u00e1til Integrado para la terapia respiratoria para el entrenamiento de m\u00fasculos inspiratorios y espiratorios, por Mauricio Orozco Levi, Ester Marco Navarro, Leonardo Andr\u00e9s Rodriguez, Mario Jonatan Acero Caballero, Alba Ram\u00edrez Sarmiento.<\/p>\n<p>Sistema para el aseo dental para personas con discapacidad \u2013 DENTO, por Juan Carlos Moreno Mu\u00f1oz., Isabel Garnica Boh\u00f3rquez, Luis Fernando Ortiz Pinto, Ra\u00fal Hernando Cadena Contreras.<\/p>\n<p>Fuente: Agencia de Noticias Univalle<\/p>\n","protected":false},"excerpt":{"rendered":"<p>La Comunidad Andina de Naciones, en el marco del \u201cD\u00eda de la propiedad intelectual\u201d, otorgar\u00e1 al docente e investigador de la Escuela de Ingenier\u00eda Qu\u00edmica de la Universidad del Valle Rub\u00e9n Jes\u00fas Camargo Amado, y a su Grupo de Investigaci\u00f3n en Fisicoqu\u00edmica de bio y nanomateriales, un reconocimiento por su[&#8230;]<\/p>\n","protected":false},"author":1,"featured_media":18610,"comment_status":"open","ping_status":"open","sticky":false,"template":"","format":"standard","meta":{"footnotes":""},"categories":[4],"tags":[],"_links":{"self":[{"href":"https:\/\/emisora.univalle.edu.co\/index.php\/wp-json\/wp\/v2\/posts\/18627"}],"collection":[{"href":"https:\/\/emisora.univalle.edu.co\/index.php\/wp-json\/wp\/v2\/posts"}],"about":[{"href":"https:\/\/emisora.univalle.edu.co\/index.php\/wp-json\/wp\/v2\/types\/post"}],"author":[{"embeddable":true,"href":"https:\/\/emisora.univalle.edu.co\/index.php\/wp-json\/wp\/v2\/users\/1"}],"replies":[{"embeddable":true,"href":"https:\/\/emisora.univalle.edu.co\/index.php\/wp-json\/wp\/v2\/comments?post=18627"}],"version-history":[{"count":1,"href":"https:\/\/emisora.univalle.edu.co\/index.php\/wp-json\/wp\/v2\/posts\/18627\/revisions"}],"predecessor-version":[{"id":18628,"href":"https:\/\/emisora.univalle.edu.co\/index.php\/wp-json\/wp\/v2\/posts\/18627\/revisions\/18628"}],"wp:featuredmedia":[{"embeddable":true,"href":"https:\/\/emisora.univalle.edu.co\/index.php\/wp-json\/wp\/v2\/media\/18610"}],"wp:attachment":[{"href":"https:\/\/emisora.univalle.edu.co\/index.php\/wp-json\/wp\/v2\/media?parent=18627"}],"wp:term":[{"taxonomy":"category","embeddable":true,"href":"https:\/\/emisora.univalle.edu.co\/index.php\/wp-json\/wp\/v2\/categories?post=18627"},{"taxonomy":"post_tag","embeddable":true,"href":"https:\/\/emisora.univalle.edu.co\/index.php\/wp-json\/wp\/v2\/tags?post=18627"}],"curies":[{"name":"wp","href":"https:\/\/api.w.org\/{rel}","templated":true}]}}