{"id":18639,"date":"2017-05-18T14:49:18","date_gmt":"2017-05-18T19:49:18","guid":{"rendered":"https:\/\/emisora.univalle.edu.co\/?p=18639"},"modified":"2017-05-19T14:26:21","modified_gmt":"2017-05-19T19:26:21","slug":"abierta-convocatoria-ponencias-del-vi-seminario-representacion-del-proyecto","status":"publish","type":"post","link":"https:\/\/emisora.univalle.edu.co\/index.php\/abierta-convocatoria-ponencias-del-vi-seminario-representacion-del-proyecto\/","title":{"rendered":"Abierta convocatoria para ponencias del &#8216;VI Seminario de Representaci\u00f3n del Proyecto&#8217;"},"content":{"rendered":"<p><a href=\"https:\/\/emisora.univalle.edu.co\/profesor-univalle-publica-radiografia-la-corrupcion-colombia-portal-razon-publica\/representacion\/\" rel=\"attachment wp-att-18634\"><img loading=\"lazy\" decoding=\"async\" class=\"alignleft size-full wp-image-18634\" src=\"https:\/\/emisora.univalle.edu.co\/wp-content\/uploads\/2017\/05\/representacion.jpg\" alt=\"representacion\" width=\"400\" height=\"400\" srcset=\"https:\/\/emisora.univalle.edu.co\/wp-content\/uploads\/2017\/05\/representacion.jpg 400w, https:\/\/emisora.univalle.edu.co\/wp-content\/uploads\/2017\/05\/representacion-150x150.jpg 150w, https:\/\/emisora.univalle.edu.co\/wp-content\/uploads\/2017\/05\/representacion-300x300.jpg 300w\" sizes=\"(max-width: 400px) 100vw, 400px\" \/><\/a>La Escuela de Arquitectura de la Universidad del Valle, en conjunto con la Universidad Nacional de Colombia- sede Medell\u00edn y la Universidad del Norte de Barranquilla, abren la convocatoria para inscribir ponencias para VI Seminario de Representaci\u00f3n del Proyecto: \u201csostenibilidad y medio ambiente\u201d.<\/p>\n<p>El evento se realizar\u00e1 del 8 al 10 de Noviembre de 2017 en la Universidad del Valle.<\/p>\n<p>Este Seminario, que se compone de conferencias principales, ponencias y talleres es dirigido a estudiantes, profesores, investigadores y profesionales interesados en el intercambio de experiencias pedag\u00f3gicas, investigativas o profesionales centradas en la problem\u00e1tica de la representaci\u00f3n en arquitectura.<\/p>\n<p>Para m\u00e1s informaci\u00f3n, <a href=\"https:\/\/6seminarioreproyecto.wixsite.com\/main\">consulte este portal web<\/a><\/p>\n<p>Fuente: <a href=\"http:\/\/www.univalle.edu.co\/lo-que-pasa-en-la-u\/abierta-convocatoria-para-ponencias-del-vi-seminario-de-representacion-del-proyecto\/#\">Agencia de Noticias Univalle<\/a><\/p>\n","protected":false},"excerpt":{"rendered":"<p>La Escuela de Arquitectura de la Universidad del Valle, en conjunto con la Universidad Nacional de Colombia- sede Medell\u00edn y la Universidad del Norte de Barranquilla, abren la convocatoria para inscribir ponencias para VI Seminario de Representaci\u00f3n del Proyecto: \u201csostenibilidad y medio ambiente\u201d. El evento se realizar\u00e1 del 8 al[&#8230;]<\/p>\n","protected":false},"author":1,"featured_media":18635,"comment_status":"open","ping_status":"open","sticky":false,"template":"","format":"standard","meta":{"footnotes":""},"categories":[4],"tags":[],"_links":{"self":[{"href":"https:\/\/emisora.univalle.edu.co\/index.php\/wp-json\/wp\/v2\/posts\/18639"}],"collection":[{"href":"https:\/\/emisora.univalle.edu.co\/index.php\/wp-json\/wp\/v2\/posts"}],"about":[{"href":"https:\/\/emisora.univalle.edu.co\/index.php\/wp-json\/wp\/v2\/types\/post"}],"author":[{"embeddable":true,"href":"https:\/\/emisora.univalle.edu.co\/index.php\/wp-json\/wp\/v2\/users\/1"}],"replies":[{"embeddable":true,"href":"https:\/\/emisora.univalle.edu.co\/index.php\/wp-json\/wp\/v2\/comments?post=18639"}],"version-history":[{"count":1,"href":"https:\/\/emisora.univalle.edu.co\/index.php\/wp-json\/wp\/v2\/posts\/18639\/revisions"}],"predecessor-version":[{"id":18640,"href":"https:\/\/emisora.univalle.edu.co\/index.php\/wp-json\/wp\/v2\/posts\/18639\/revisions\/18640"}],"wp:featuredmedia":[{"embeddable":true,"href":"https:\/\/emisora.univalle.edu.co\/index.php\/wp-json\/wp\/v2\/media\/18635"}],"wp:attachment":[{"href":"https:\/\/emisora.univalle.edu.co\/index.php\/wp-json\/wp\/v2\/media?parent=18639"}],"wp:term":[{"taxonomy":"category","embeddable":true,"href":"https:\/\/emisora.univalle.edu.co\/index.php\/wp-json\/wp\/v2\/categories?post=18639"},{"taxonomy":"post_tag","embeddable":true,"href":"https:\/\/emisora.univalle.edu.co\/index.php\/wp-json\/wp\/v2\/tags?post=18639"}],"curies":[{"name":"wp","href":"https:\/\/api.w.org\/{rel}","templated":true}]}}