{"id":18641,"date":"2017-05-18T14:51:32","date_gmt":"2017-05-18T19:51:32","guid":{"rendered":"https:\/\/emisora.univalle.edu.co\/?p=18641"},"modified":"2017-05-19T14:26:10","modified_gmt":"2017-05-19T19:26:10","slug":"inteligencia-estado-conocimiento-poder","status":"publish","type":"post","link":"https:\/\/emisora.univalle.edu.co\/index.php\/inteligencia-estado-conocimiento-poder\/","title":{"rendered":"Inteligencia de Estado: conocimiento y poder"},"content":{"rendered":"<p>La charla <strong>\u201cInteligencia de Estado: conocimiento y poder\u201d<\/strong>, el pr\u00f3ximo viernes 19 de mayo a las 10:00 a.m. en el Auditorio Antonio J. Posada, en el marco de Charla de los Viernes, organizada por el Departamento de Ciencias Sociales de la Universidad del Valle, estar\u00e1 a cargo de \u00d3scar Calvo Isaza, profesor de la Universidad Nacional de Colombia &#8211; sede Medell\u00edn.<\/p>\n<p>Esta conferencia estudia la relaci\u00f3n de la inteligencia con los dispositivos de represi\u00f3n pol\u00edtica desplegados por el Estado, en las d\u00e9cadas de 1960 y 1970. Plantea que la institucionalizaci\u00f3n de la inteligencia civil y militar es un componente esencial de una nueva configuraci\u00f3n del aparato de dominaci\u00f3n y supone nuevas formas de gesti\u00f3n del conflicto pol\u00edtico y social.<\/p>\n<p>En ese sentido, la inteligencia comparte con otras instituciones del Estado el programa modernizador que busca hacer inteligibles las zonas borrosas de una poblaci\u00f3n insumisa y potencialmente peligrosa.<\/p>\n<p><strong>El conferencista<\/strong><\/p>\n<p>\u00d3scar Calvo Isaza es profesor de la Universidad Nacional de Colombia, sede Medell\u00edn, y miembro del Grupo de Investigaci\u00f3n en Historia Social (Unal-Udea). Es doctor (Ph.D.) en Historia del Colegio de M\u00e9xico, maestro en historia y etnohistoria de la Escuela Nacional de Antropolog\u00eda e Historia, e Historiador de la Universidad Nacional de Colombia. Ha publicado los libros Medell\u00edn, La Ciudad en Cuarentena y El cementerio central. Bogot\u00e1 la vida y la muerte, as\u00ed como art\u00edculos acad\u00e9micos y divulgaci\u00f3n.<\/p>\n<p><strong>Informes: Departamento de Ciencias Sociales<\/strong><\/p>\n<p><strong>Tel\u00e9fono: +57 2 321 23 22<\/strong><\/p>\n<p><strong>Correo electr\u00f3nico: <a href=\"mailto:desocial@correounivalle.edu.co\">desocial@correounivalle.edu.co<\/a><\/strong><\/p>\n<p>Fuente: Agencia de Noticias Univalle<\/p>\n","protected":false},"excerpt":{"rendered":"<p>La charla \u201cInteligencia de Estado: conocimiento y poder\u201d, el pr\u00f3ximo viernes 19 de mayo a las 10:00 a.m. en el Auditorio Antonio J. Posada, en el marco de Charla de los Viernes, organizada por el Departamento de Ciencias Sociales de la Universidad del Valle, estar\u00e1 a cargo de \u00d3scar Calvo[&#8230;]<\/p>\n","protected":false},"author":1,"featured_media":18632,"comment_status":"open","ping_status":"open","sticky":false,"template":"","format":"standard","meta":{"footnotes":""},"categories":[4],"tags":[],"_links":{"self":[{"href":"https:\/\/emisora.univalle.edu.co\/index.php\/wp-json\/wp\/v2\/posts\/18641"}],"collection":[{"href":"https:\/\/emisora.univalle.edu.co\/index.php\/wp-json\/wp\/v2\/posts"}],"about":[{"href":"https:\/\/emisora.univalle.edu.co\/index.php\/wp-json\/wp\/v2\/types\/post"}],"author":[{"embeddable":true,"href":"https:\/\/emisora.univalle.edu.co\/index.php\/wp-json\/wp\/v2\/users\/1"}],"replies":[{"embeddable":true,"href":"https:\/\/emisora.univalle.edu.co\/index.php\/wp-json\/wp\/v2\/comments?post=18641"}],"version-history":[{"count":2,"href":"https:\/\/emisora.univalle.edu.co\/index.php\/wp-json\/wp\/v2\/posts\/18641\/revisions"}],"predecessor-version":[{"id":18643,"href":"https:\/\/emisora.univalle.edu.co\/index.php\/wp-json\/wp\/v2\/posts\/18641\/revisions\/18643"}],"wp:featuredmedia":[{"embeddable":true,"href":"https:\/\/emisora.univalle.edu.co\/index.php\/wp-json\/wp\/v2\/media\/18632"}],"wp:attachment":[{"href":"https:\/\/emisora.univalle.edu.co\/index.php\/wp-json\/wp\/v2\/media?parent=18641"}],"wp:term":[{"taxonomy":"category","embeddable":true,"href":"https:\/\/emisora.univalle.edu.co\/index.php\/wp-json\/wp\/v2\/categories?post=18641"},{"taxonomy":"post_tag","embeddable":true,"href":"https:\/\/emisora.univalle.edu.co\/index.php\/wp-json\/wp\/v2\/tags?post=18641"}],"curies":[{"name":"wp","href":"https:\/\/api.w.org\/{rel}","templated":true}]}}