{"id":18644,"date":"2017-05-18T14:58:28","date_gmt":"2017-05-18T19:58:28","guid":{"rendered":"https:\/\/emisora.univalle.edu.co\/?p=18644"},"modified":"2017-05-25T14:02:25","modified_gmt":"2017-05-25T19:02:25","slug":"18644-2","status":"publish","type":"post","link":"https:\/\/emisora.univalle.edu.co\/index.php\/18644-2\/","title":{"rendered":"Embajador de Espa\u00f1a visita a Univalle"},"content":{"rendered":"<p>El embajador de Espa\u00f1a en Colombia, Pablo G\u00f3mez de Olea Bustinza, visit\u00f3 hoy la Universidad del Valle y se entrevist\u00f3 con las directivas de la Alma M\u00e1ter encabezadas por el rector Edgar Varela Barrios. Durante la charla se abordaron temas tales como la creciente movilidad profesoral y estudiantil hacia Espa\u00f1a y desde el pa\u00eds ib\u00e9rico hacia Colombia y, en particular de personal de la Universidad del Valle.<\/p>\n<p>El Embajador G\u00f3mez de Olea, manifest\u00f3 el inter\u00e9s del gobierno espa\u00f1ol en avanzar en la agilizaci\u00f3n de tr\u00e1mites para la obtenci\u00f3n de la doble titulaci\u00f3n dada la calidad de los profesionales colombianos, as\u00ed como en desarrollar acuerdos y conformaci\u00f3n de redes de trabajo e interuniversitarias, con Colombia, que incorporen las capacidades de las regiones y de universidades como la del Valle que constituyen instituciones altamente representativas. Resalt\u00f3 que los docentes y profesionales colombianos, con altos niveles de formaci\u00f3n en el contexto iberoamericano, son muy atractivos para el mercado y los centros acad\u00e9micos espa\u00f1oles.<\/p>\n<p>Por su parte, el rector Edgar Varela, destac\u00f3 que Univalle ha afianzado, de forma creciente, sus nexos con universidades espa\u00f1olas en m\u00faltiples \u00e1reas como ingenier\u00eda, artes, humanidades, salud y administraci\u00f3n, entre otras. Record\u00f3 que hay un importante flujo de profesores de Valencia, Alicante, Barcelona, Andaluc\u00eda y Madrid para ofrecer seminarios en Univalle, y que en la actualidad se desarrollan doctorados conjuntos con la Universidad de Granada en artes y en asuntos de paz.<\/p>\n<p>El rector Varela Barrios propuso adelantar gestiones para que Espa\u00f1a sea el pa\u00eds invitado, en 2018, a la Feria del Libro de Cali y que se despliegue durante el evento un amplio programa cultural colombo-espa\u00f1ol, teniendo en cuenta el inter\u00e9s de la Embajada de Espa\u00f1a por promover la participaci\u00f3n de ese pa\u00eds en los eventos y din\u00e1micas culturales regionales en Colombia, para los pr\u00f3ximos 18 meses.<\/p>\n<p>El embajador dijo que adelantar\u00e1 gestiones con las editoriales espa\u00f1olas para traer escritores de ese pa\u00eds a la Feria y tambi\u00e9n a artistas para el componente cultural del evento. El rector tambi\u00e9n le propuso al embajador tener en cuenta redes como la de la Asociaci\u00f3n Universitaria Iberoamericana de Posgrados AUIP, presidida por el colombiano V\u00edctor Cruz, para que se encarguen de poner en marcha iniciativas conjuntas de pa\u00eds relacionadas con las universidades.<\/p>\n<p>El embajador manifest\u00f3 el Inter\u00e9s de los centros de excelencia Severo Ochoa de Espa\u00f1a para interactuar con centros de investigaci\u00f3n de los pa\u00edses de la Alianza del Pac\u00edfico (Colombia, Chile, M\u00e9xico y Per\u00fa y dijo que esta propuesta ser\u00e1 presentada a finales de junio en la Cumbre de los pa\u00edses de la Alianza.<\/p>\n<p>Revel\u00f3 que actualmente hay siete mil estudiantes colombianos realizando posgrados en Espa\u00f1a, la mitad de los cuales tienen visado de estudios y se espera que esa cifra siga aumentando. Destac\u00f3 que en ciudades como Cali haya colegios de importante tradici\u00f3n acad\u00e9mica como el Hispanoamericano donde los egresados obtienen la doble titulaci\u00f3n con Espa\u00f1a.<\/p>\n<p>Fuente:<a href=\"http:\/\/www.univalle.edu.co\/proyeccion-internacional\/embajador-de-espana-visita-a-univalle\/#\"> Agencia de Noticias Univalle<\/a><\/p>\n","protected":false},"excerpt":{"rendered":"<p>El embajador de Espa\u00f1a en Colombia, Pablo G\u00f3mez de Olea Bustinza, visit\u00f3 hoy la Universidad del Valle y se entrevist\u00f3 con las directivas de la Alma M\u00e1ter encabezadas por el rector Edgar Varela Barrios. Durante la charla se abordaron temas tales como la creciente movilidad profesoral y estudiantil hacia Espa\u00f1a[&#8230;]<\/p>\n","protected":false},"author":1,"featured_media":18647,"comment_status":"open","ping_status":"open","sticky":false,"template":"","format":"standard","meta":{"footnotes":""},"categories":[4],"tags":[],"_links":{"self":[{"href":"https:\/\/emisora.univalle.edu.co\/index.php\/wp-json\/wp\/v2\/posts\/18644"}],"collection":[{"href":"https:\/\/emisora.univalle.edu.co\/index.php\/wp-json\/wp\/v2\/posts"}],"about":[{"href":"https:\/\/emisora.univalle.edu.co\/index.php\/wp-json\/wp\/v2\/types\/post"}],"author":[{"embeddable":true,"href":"https:\/\/emisora.univalle.edu.co\/index.php\/wp-json\/wp\/v2\/users\/1"}],"replies":[{"embeddable":true,"href":"https:\/\/emisora.univalle.edu.co\/index.php\/wp-json\/wp\/v2\/comments?post=18644"}],"version-history":[{"count":2,"href":"https:\/\/emisora.univalle.edu.co\/index.php\/wp-json\/wp\/v2\/posts\/18644\/revisions"}],"predecessor-version":[{"id":18649,"href":"https:\/\/emisora.univalle.edu.co\/index.php\/wp-json\/wp\/v2\/posts\/18644\/revisions\/18649"}],"wp:featuredmedia":[{"embeddable":true,"href":"https:\/\/emisora.univalle.edu.co\/index.php\/wp-json\/wp\/v2\/media\/18647"}],"wp:attachment":[{"href":"https:\/\/emisora.univalle.edu.co\/index.php\/wp-json\/wp\/v2\/media?parent=18644"}],"wp:term":[{"taxonomy":"category","embeddable":true,"href":"https:\/\/emisora.univalle.edu.co\/index.php\/wp-json\/wp\/v2\/categories?post=18644"},{"taxonomy":"post_tag","embeddable":true,"href":"https:\/\/emisora.univalle.edu.co\/index.php\/wp-json\/wp\/v2\/tags?post=18644"}],"curies":[{"name":"wp","href":"https:\/\/api.w.org\/{rel}","templated":true}]}}