{"id":18650,"date":"2017-05-18T15:00:16","date_gmt":"2017-05-18T20:00:16","guid":{"rendered":"https:\/\/emisora.univalle.edu.co\/?p=18650"},"modified":"2017-05-19T14:25:59","modified_gmt":"2017-05-19T19:25:59","slug":"univalle-bellas-artes","status":"publish","type":"post","link":"https:\/\/emisora.univalle.edu.co\/index.php\/univalle-bellas-artes\/","title":{"rendered":"Univalle en Bellas Artes"},"content":{"rendered":"<p><a href=\"https:\/\/emisora.univalle.edu.co\/18644-2\/bellas-artes-6\/\" rel=\"attachment wp-att-18645\"><img loading=\"lazy\" decoding=\"async\" class=\"alignleft size-full wp-image-18645\" src=\"https:\/\/emisora.univalle.edu.co\/wp-content\/uploads\/2017\/05\/bellas-artes.jpg\" alt=\"bellas-artes\" width=\"400\" height=\"535\" srcset=\"https:\/\/emisora.univalle.edu.co\/wp-content\/uploads\/2017\/05\/bellas-artes.jpg 400w, https:\/\/emisora.univalle.edu.co\/wp-content\/uploads\/2017\/05\/bellas-artes-224x300.jpg 224w\" sizes=\"(max-width: 400px) 100vw, 400px\" \/><\/a>La Universidad del Valle y el Instituto Departamental de Bellas Artes invitan a la apertura de la exposici\u00f3n \u201cUnivalle en Bellas Artes\u201d, que se llevar\u00e1 a cabo el 19 de mayo a las 7:00 p.m. en la Sala de Exposiciones del Instituto Departamental de Bellas Artes.<\/p>\n<p>La exposici\u00f3n corresponde a los trabajos de grado meritorios del segundo semestre del a\u00f1o 2016 de Gustavo Adolfo Campos, Marcela Melo Rojas, Natalia Villada Arteaga y Carolina Estupi\u00f1\u00e1n Acevedo, adscritos al Programa de Licenciatura en Artes Visuales de la Universidad del Valle.<\/p>\n<p>\u201cLa muestra es el reflejo de las opciones con las que cuentan los estudiantes de Artes Visuales, a lo largo de la carrera, para elaborar un trabajo de grado, los cuales est\u00e1n apoyados en indagaciones te\u00f3ricas profundas, que sirven de sustento para los proyectos expuestos\u201d, explic\u00f3 el Profesor Hern\u00e1n Casas, director del Departamento de Artes Visuales de la Facultad de Artes integradas de la Universidad.<\/p>\n<p>Durante la exposici\u00f3n se podr\u00e1n apreciar pr\u00e1cticas art\u00edsticas diversas y comprometidas, que atienden principalmente a las necesidades sensibles de los autores, a la instrucci\u00f3n disciplinada recibida, al debate permanente y a la propuesta de transformaciones vitales en el individuo y la sociedad.<\/p>\n<p>Fuente: <a href=\"http:\/\/www.univalle.edu.co\/arte-y-cultura\/univalle-en-bellas-artes\/#\">Agencia de Noticias Univalle<\/a><\/p>\n","protected":false},"excerpt":{"rendered":"<p>La Universidad del Valle y el Instituto Departamental de Bellas Artes invitan a la apertura de la exposici\u00f3n \u201cUnivalle en Bellas Artes\u201d, que se llevar\u00e1 a cabo el 19 de mayo a las 7:00 p.m. en la Sala de Exposiciones del Instituto Departamental de Bellas Artes. La exposici\u00f3n corresponde a[&#8230;]<\/p>\n","protected":false},"author":1,"featured_media":18646,"comment_status":"open","ping_status":"open","sticky":false,"template":"","format":"standard","meta":{"footnotes":""},"categories":[4],"tags":[],"_links":{"self":[{"href":"https:\/\/emisora.univalle.edu.co\/index.php\/wp-json\/wp\/v2\/posts\/18650"}],"collection":[{"href":"https:\/\/emisora.univalle.edu.co\/index.php\/wp-json\/wp\/v2\/posts"}],"about":[{"href":"https:\/\/emisora.univalle.edu.co\/index.php\/wp-json\/wp\/v2\/types\/post"}],"author":[{"embeddable":true,"href":"https:\/\/emisora.univalle.edu.co\/index.php\/wp-json\/wp\/v2\/users\/1"}],"replies":[{"embeddable":true,"href":"https:\/\/emisora.univalle.edu.co\/index.php\/wp-json\/wp\/v2\/comments?post=18650"}],"version-history":[{"count":1,"href":"https:\/\/emisora.univalle.edu.co\/index.php\/wp-json\/wp\/v2\/posts\/18650\/revisions"}],"predecessor-version":[{"id":18651,"href":"https:\/\/emisora.univalle.edu.co\/index.php\/wp-json\/wp\/v2\/posts\/18650\/revisions\/18651"}],"wp:featuredmedia":[{"embeddable":true,"href":"https:\/\/emisora.univalle.edu.co\/index.php\/wp-json\/wp\/v2\/media\/18646"}],"wp:attachment":[{"href":"https:\/\/emisora.univalle.edu.co\/index.php\/wp-json\/wp\/v2\/media?parent=18650"}],"wp:term":[{"taxonomy":"category","embeddable":true,"href":"https:\/\/emisora.univalle.edu.co\/index.php\/wp-json\/wp\/v2\/categories?post=18650"},{"taxonomy":"post_tag","embeddable":true,"href":"https:\/\/emisora.univalle.edu.co\/index.php\/wp-json\/wp\/v2\/tags?post=18650"}],"curies":[{"name":"wp","href":"https:\/\/api.w.org\/{rel}","templated":true}]}}