{"id":18652,"date":"2017-05-19T10:55:13","date_gmt":"2017-05-19T15:55:13","guid":{"rendered":"https:\/\/emisora.univalle.edu.co\/?p=18652"},"modified":"2017-05-25T14:02:18","modified_gmt":"2017-05-25T19:02:18","slug":"nueva-maestria-calidad-la-gestion-las-organizaciones","status":"publish","type":"post","link":"https:\/\/emisora.univalle.edu.co\/index.php\/nueva-maestria-calidad-la-gestion-las-organizaciones\/","title":{"rendered":"Nueva Maestr\u00eda en Calidad para la Gesti\u00f3n de las Organizaciones"},"content":{"rendered":"<p>La direcci\u00f3n de posgrados en Calidad y Marketing de la Facultad de Ciencias de la Administraci\u00f3n de la Universidad del Valle presentar\u00e1 la nueva Maestr\u00eda en Calidad para la Gesti\u00f3n de las Organizaciones, en un acto que se realizar\u00e1 este mi\u00e9rcoles 24 de mayo, a las 6:00 p.m, Auditorio Diego Delgadillo, Campus San Fernando.<\/p>\n<p>Este es el primer programa acad\u00e9mico en Colombia que se destaca por cimentar los principios de la calidad total y la productividad, desde una perspectiva del desarrollo humano: la persona como el principal generador de valor y competitividad dentro de las organizaciones.<\/p>\n<p>Como parte de la presentaci\u00f3n Luis Emilio Vel\u00e1squez, protagonista y experto del movimiento de la calidad en las organizaciones en el pa\u00eds, dictar\u00e1 la conferencia central \u201cLa Necesaria Calidad para Colombia\u201d.<\/p>\n<p>Luis Emilio Vel\u00e1squez es ingeniero industrial de la Universidad Nacional de Colombia, Sede Medell\u00edn; especialista en \u201cAdministraci\u00f3n de la Producci\u00f3n Industrial\u201d \u2013 Fundaci\u00f3n Carl Duisberg Gesellschaft, Rep\u00fablica Federal Alemana. Directivo con amplia experiencia en la orientaci\u00f3n estrat\u00e9gica de organizaciones y proyectos de alto impacto para el pa\u00eds, con \u00e9nfasis en desarrollo de innovaci\u00f3n para la competitividad y la sostenibilidad de organizaciones, sectores y regiones.<\/p>\n<p>El conferencista es representante de Colombia en redes internacionales de excelencia e innovaci\u00f3n. Ide\u00f3logo y creador de Premio Colombiano a la Calidad de la Gesti\u00f3n, Premio Nacional a la Excelencia y la Innovaci\u00f3n en Gesti\u00f3n, Premios Sectoriales y Regionales de Excelencia en la Gesti\u00f3n. Miembro representante de Colombia del Jurado Internacional del Premio Iberoamericano a la Calidad desde el a\u00f1o 2001 hasta el a\u00f1o 2014. Representante de Colombia en la Red Iberoamericana de Excelencia en la Gesti\u00f3n \u2013 REDIBEX y coordinador (2008-2010).<\/p>\n<p>En el evento tambi\u00e9n se rendir\u00e1 un homenaje a los profesores Leonel Leal y Carlos Alberto Franco, fundadores de la Especializaci\u00f3n en Administraci\u00f3n Total de la Calidad y la Productividad, programa base desde el cual se gesta la creaci\u00f3n de la Maestr\u00eda en Calidad para la Gesti\u00f3n de las Organizaciones. De igual forma, se realizar\u00e1 un reconocimiento a la primera promoci\u00f3n de la Especializaci\u00f3n por sus 23 a\u00f1os de graduados.<\/p>\n<p>La Maestr\u00eda en Calidad para la Gesti\u00f3n de las Organizaciones es un programa que responde a las necesidades y exigencias de mercado contempladas en la Agenda Nacional de Competitividad e Innovaci\u00f3n del pa\u00eds, incluidas en el actual Plan Nacional de Desarrollo. Recoge la experiencia del Valle del Cauca y el suroccidente colombiano en la inserci\u00f3n de la filosof\u00eda de la calidad en las organizaciones, al reconocer el liderazgo e iniciaci\u00f3n en Colombia del movimiento de la calidad, a trav\u00e9s de empresas como: Carvajal, Banco de Occidente, Ingenio Manuelita, Rica Rondo e Icollantas.<\/p>\n<p>Fuente: <a href=\"http:\/\/www.univalle.edu.co\/lo-que-pasa-en-la-u\/nueva-maestria-en-calidad-para-la-gestion-de-las-organizaciones\/#\">Agencia de Noticias Univalle<\/a><\/p>\n","protected":false},"excerpt":{"rendered":"<p>La direcci\u00f3n de posgrados en Calidad y Marketing de la Facultad de Ciencias de la Administraci\u00f3n de la Universidad del Valle presentar\u00e1 la nueva Maestr\u00eda en Calidad para la Gesti\u00f3n de las Organizaciones, en un acto que se realizar\u00e1 este mi\u00e9rcoles 24 de mayo, a las 6:00 p.m, Auditorio Diego[&#8230;]<\/p>\n","protected":false},"author":1,"featured_media":18658,"comment_status":"open","ping_status":"open","sticky":false,"template":"","format":"standard","meta":{"footnotes":""},"categories":[4],"tags":[],"_links":{"self":[{"href":"https:\/\/emisora.univalle.edu.co\/index.php\/wp-json\/wp\/v2\/posts\/18652"}],"collection":[{"href":"https:\/\/emisora.univalle.edu.co\/index.php\/wp-json\/wp\/v2\/posts"}],"about":[{"href":"https:\/\/emisora.univalle.edu.co\/index.php\/wp-json\/wp\/v2\/types\/post"}],"author":[{"embeddable":true,"href":"https:\/\/emisora.univalle.edu.co\/index.php\/wp-json\/wp\/v2\/users\/1"}],"replies":[{"embeddable":true,"href":"https:\/\/emisora.univalle.edu.co\/index.php\/wp-json\/wp\/v2\/comments?post=18652"}],"version-history":[{"count":1,"href":"https:\/\/emisora.univalle.edu.co\/index.php\/wp-json\/wp\/v2\/posts\/18652\/revisions"}],"predecessor-version":[{"id":18662,"href":"https:\/\/emisora.univalle.edu.co\/index.php\/wp-json\/wp\/v2\/posts\/18652\/revisions\/18662"}],"wp:featuredmedia":[{"embeddable":true,"href":"https:\/\/emisora.univalle.edu.co\/index.php\/wp-json\/wp\/v2\/media\/18658"}],"wp:attachment":[{"href":"https:\/\/emisora.univalle.edu.co\/index.php\/wp-json\/wp\/v2\/media?parent=18652"}],"wp:term":[{"taxonomy":"category","embeddable":true,"href":"https:\/\/emisora.univalle.edu.co\/index.php\/wp-json\/wp\/v2\/categories?post=18652"},{"taxonomy":"post_tag","embeddable":true,"href":"https:\/\/emisora.univalle.edu.co\/index.php\/wp-json\/wp\/v2\/tags?post=18652"}],"curies":[{"name":"wp","href":"https:\/\/api.w.org\/{rel}","templated":true}]}}