{"id":18663,"date":"2017-05-19T10:58:24","date_gmt":"2017-05-19T15:58:24","guid":{"rendered":"https:\/\/emisora.univalle.edu.co\/?p=18663"},"modified":"2017-05-25T14:02:08","modified_gmt":"2017-05-25T19:02:08","slug":"encuentro-regional-teatro-univalluno","status":"publish","type":"post","link":"https:\/\/emisora.univalle.edu.co\/index.php\/encuentro-regional-teatro-univalluno\/","title":{"rendered":"Encuentro Regional de Teatro Univalluno"},"content":{"rendered":"<p>Como parte de la XXI Semana de la Expresi\u00f3n Universitaria, del 25 al 27 de mayo la Universidad del Valle Sede Tulu\u00e1 y el \u00c1rea Cultural de la Divisi\u00f3n de Bibliotecas realizar\u00e1n el IV Encuentro Regional de Teatro Univalluno.<\/p>\n<p>El Encuentro Regional de Teatro Univalluno busca posicionar culturalmente, en la regi\u00f3n, un espacio de participaci\u00f3n abierta de la comunidad estudiantil de las sedes regionales de la Universidad del Valle, con los grupos de teatro de las nueve Sedes y el Departamento de Artes Esc\u00e9nicas, as\u00ed como otros grupos de teatro invitados del \u00e1mbito municipal, regional y nacional.<\/p>\n<p>Este Encuentro contribuye al fortalecimiento de las artes esc\u00e9nicas en la regi\u00f3n, brindando apoyando la difusi\u00f3n de obras puestas en escena y la integraci\u00f3n de los grupos, como pretexto para la socializaci\u00f3n de experiencias.<\/p>\n<p>El evento se realiza teniendo en cuenta que es importante, para el entorno social, compartir momentos de esparcimiento cultural en las artes esc\u00e9nicas, dirigidas a la comunidad educativa y al p\u00fablico en general de la ciudad de Tulu\u00e1 y municipios vecinos.<\/p>\n<p>La cuarta versi\u00f3n del Encuentro Regional de Teatro Univalluno incluye presentaciones de los grupos teatrales en diversos lugares de la ciudad, para descentralizar el evento, posibilitando el acceso de mayor n\u00famero de asistentes.<\/p>\n<p>Escenarios como la Casa de la Cultura de Tulu\u00e1, Instituciones Educativas Oficiales de B\u00e1sica y Media, la Escuela de Polic\u00eda Sim\u00f3n Bol\u00edvar, adem\u00e1s de las instalaciones de la Universidad del Valle acoger\u00e1n las obras invitadas a este evento.<\/p>\n<p>Adem\u00e1s de la programaci\u00f3n art\u00edstica, tambi\u00e9n se programar\u00e1n conferencias y talleres en temas de inter\u00e9s para los grupos teatrales participantes y el p\u00fablico y se promover\u00e1 mediante diferentes actividades l\u00fadicas, la integraci\u00f3n de los grupos de teatro participantes provenientes de las sedes de la Universidad del Valle.<\/p>\n<p>Fuente: Agencia de Noticias Univalle<\/p>\n","protected":false},"excerpt":{"rendered":"<p>Como parte de la XXI Semana de la Expresi\u00f3n Universitaria, del 25 al 27 de mayo la Universidad del Valle Sede Tulu\u00e1 y el \u00c1rea Cultural de la Divisi\u00f3n de Bibliotecas realizar\u00e1n el IV Encuentro Regional de Teatro Univalluno. El Encuentro Regional de Teatro Univalluno busca posicionar culturalmente, en la[&#8230;]<\/p>\n","protected":false},"author":1,"featured_media":18654,"comment_status":"open","ping_status":"open","sticky":false,"template":"","format":"standard","meta":{"footnotes":""},"categories":[4],"tags":[],"_links":{"self":[{"href":"https:\/\/emisora.univalle.edu.co\/index.php\/wp-json\/wp\/v2\/posts\/18663"}],"collection":[{"href":"https:\/\/emisora.univalle.edu.co\/index.php\/wp-json\/wp\/v2\/posts"}],"about":[{"href":"https:\/\/emisora.univalle.edu.co\/index.php\/wp-json\/wp\/v2\/types\/post"}],"author":[{"embeddable":true,"href":"https:\/\/emisora.univalle.edu.co\/index.php\/wp-json\/wp\/v2\/users\/1"}],"replies":[{"embeddable":true,"href":"https:\/\/emisora.univalle.edu.co\/index.php\/wp-json\/wp\/v2\/comments?post=18663"}],"version-history":[{"count":1,"href":"https:\/\/emisora.univalle.edu.co\/index.php\/wp-json\/wp\/v2\/posts\/18663\/revisions"}],"predecessor-version":[{"id":18664,"href":"https:\/\/emisora.univalle.edu.co\/index.php\/wp-json\/wp\/v2\/posts\/18663\/revisions\/18664"}],"wp:featuredmedia":[{"embeddable":true,"href":"https:\/\/emisora.univalle.edu.co\/index.php\/wp-json\/wp\/v2\/media\/18654"}],"wp:attachment":[{"href":"https:\/\/emisora.univalle.edu.co\/index.php\/wp-json\/wp\/v2\/media?parent=18663"}],"wp:term":[{"taxonomy":"category","embeddable":true,"href":"https:\/\/emisora.univalle.edu.co\/index.php\/wp-json\/wp\/v2\/categories?post=18663"},{"taxonomy":"post_tag","embeddable":true,"href":"https:\/\/emisora.univalle.edu.co\/index.php\/wp-json\/wp\/v2\/tags?post=18663"}],"curies":[{"name":"wp","href":"https:\/\/api.w.org\/{rel}","templated":true}]}}