{"id":18676,"date":"2017-05-19T11:11:23","date_gmt":"2017-05-19T16:11:23","guid":{"rendered":"https:\/\/emisora.univalle.edu.co\/?p=18676"},"modified":"2017-05-25T14:01:36","modified_gmt":"2017-05-25T19:01:36","slug":"univalle-narradores-del-maletin-relatos-pacificos","status":"publish","type":"post","link":"https:\/\/emisora.univalle.edu.co\/index.php\/univalle-narradores-del-maletin-relatos-pacificos\/","title":{"rendered":"De Univalle, narradores del Malet\u00edn de relatos pac\u00edficos"},"content":{"rendered":"<p>Dos estudiantes y un egresado de la Universidad del Valle participaron como narradores en el Malet\u00edn de relatos pac\u00edficos, producto del Diplomado Pac\u00edfico en escritura creativa que se desarroll\u00f3 en los cuatro departamentos del Pac\u00edfico colombiano entre septiembre y diciembre de 2016.<\/p>\n<p>Los participantes de esta experiencia son Ya\u00edr Andr\u00e9 Cuen\u00fa y Juan Sebasti\u00e1n Mina, estudiantes de la Licenciatura en literatura de la Escuela de Estudios Literarios, y Giussepe Ram\u00edrez, egresado del programa de Econom\u00eda.<\/p>\n<p>El Diplomado Pac\u00edfico en escritura creativa fue el resultado de la alianza entre el Fondo Acci\u00f3n y el Instituto Caro y Cuervo; coordinado por los escritores colombianos Juan \u00c1lvarez y Juan C\u00e1rdenas, y la bi\u00f3loga Elizabeth Valenzuela.<\/p>\n<p>El Malet\u00edn de relatos pac\u00edficos hace parte de las acciones de comunicaci\u00f3n para la preparaci\u00f3n de la Estrategia Nacional REDD+, adelantada por el Ministerio de Ambiente y Desarrollo Sostenible y el apoyo del Fondo Cooperativo para el Carbono de los Bosques y el Banco Mundial.<\/p>\n<p>El lanzamiento del Malet\u00edn se realiz\u00f3 el 6 de mayo, como parte de la Feria del libro de Bogot\u00e1. Durante el evento, el estudiante Ya\u00edr Cuen\u00fa coment\u00f3: \u201cEl Diplomado Pac\u00edfico en escritura creativa es un abrazo entre la academia y las comunidades\u201d.<\/p>\n<p>Los relatos escritos por Giussepe Ram\u00edrez, Ya\u00edr Andr\u00e9 Cuen\u00fa y Juan Sebasti\u00e1n Mina son, respectivamente: Ruta de escape, Renacimientos y Kilele.<\/p>\n<p>El Malet\u00edn de relatos pac\u00edficos se podr\u00e1 encontrar en la red de bibliotecas p\u00fablicas del pa\u00eds.<\/p>\n<p>Fuente: Agencia de Noticias Univalle<\/p>\n","protected":false},"excerpt":{"rendered":"<p>Dos estudiantes y un egresado de la Universidad del Valle participaron como narradores en el Malet\u00edn de relatos pac\u00edficos, producto del Diplomado Pac\u00edfico en escritura creativa que se desarroll\u00f3 en los cuatro departamentos del Pac\u00edfico colombiano entre septiembre y diciembre de 2016. Los participantes de esta experiencia son Ya\u00edr Andr\u00e9[&#8230;]<\/p>\n","protected":false},"author":1,"featured_media":18677,"comment_status":"open","ping_status":"open","sticky":false,"template":"","format":"standard","meta":{"footnotes":""},"categories":[4],"tags":[],"_links":{"self":[{"href":"https:\/\/emisora.univalle.edu.co\/index.php\/wp-json\/wp\/v2\/posts\/18676"}],"collection":[{"href":"https:\/\/emisora.univalle.edu.co\/index.php\/wp-json\/wp\/v2\/posts"}],"about":[{"href":"https:\/\/emisora.univalle.edu.co\/index.php\/wp-json\/wp\/v2\/types\/post"}],"author":[{"embeddable":true,"href":"https:\/\/emisora.univalle.edu.co\/index.php\/wp-json\/wp\/v2\/users\/1"}],"replies":[{"embeddable":true,"href":"https:\/\/emisora.univalle.edu.co\/index.php\/wp-json\/wp\/v2\/comments?post=18676"}],"version-history":[{"count":1,"href":"https:\/\/emisora.univalle.edu.co\/index.php\/wp-json\/wp\/v2\/posts\/18676\/revisions"}],"predecessor-version":[{"id":18678,"href":"https:\/\/emisora.univalle.edu.co\/index.php\/wp-json\/wp\/v2\/posts\/18676\/revisions\/18678"}],"wp:featuredmedia":[{"embeddable":true,"href":"https:\/\/emisora.univalle.edu.co\/index.php\/wp-json\/wp\/v2\/media\/18677"}],"wp:attachment":[{"href":"https:\/\/emisora.univalle.edu.co\/index.php\/wp-json\/wp\/v2\/media?parent=18676"}],"wp:term":[{"taxonomy":"category","embeddable":true,"href":"https:\/\/emisora.univalle.edu.co\/index.php\/wp-json\/wp\/v2\/categories?post=18676"},{"taxonomy":"post_tag","embeddable":true,"href":"https:\/\/emisora.univalle.edu.co\/index.php\/wp-json\/wp\/v2\/tags?post=18676"}],"curies":[{"name":"wp","href":"https:\/\/api.w.org\/{rel}","templated":true}]}}