{"id":18689,"date":"2017-05-19T14:16:57","date_gmt":"2017-05-19T19:16:57","guid":{"rendered":"https:\/\/emisora.univalle.edu.co\/?p=18689"},"modified":"2017-05-25T14:01:17","modified_gmt":"2017-05-25T19:01:17","slug":"18689-2","status":"publish","type":"post","link":"https:\/\/emisora.univalle.edu.co\/index.php\/18689-2\/","title":{"rendered":"Cali y la Gesti\u00f3n Integral del Riesgo por Inundaciones"},"content":{"rendered":"<p>La ola invernal que est\u00e1 atravesando el pa\u00eds no le ha dado tregua a Cali. Las lluvias intensas y persistentes llevaron a que el pasado viernes 12 de mayo, la Alcald\u00eda y el Secretario de Gesti\u00f3n del Riesgo de Emergencia y Desastres, siguiendo las recomendaciones del IDEAM y de la CVC, declararan la alerta roja en el municipio.<\/p>\n<p>Y, como consecuencia de estas inundaciones, el alcalde Maurice Armitage declar\u00f3 el estado de calamidad p\u00fablica en el Municipio.<\/p>\n<p>La declaraci\u00f3n de estos estados de excepci\u00f3n le permite a la Administraci\u00f3n Municipal disponer m\u00e1s r\u00e1pidamente de recursos necesarios para atender la crisis invernal, as\u00ed como tramitar ayudas de la Naci\u00f3n para los damnificados.<\/p>\n<p>En Cali y sus alrededores los puntos m\u00e1s afectados son Juanchito y el Jarill\u00f3n del r\u00edo Cauca y los sectores de La Playita, Renaciente, Puerto Nuevo, Brisas del Cauca, Paso del Comercio, Floralia, los corregimientos de Navarro y el Hormiguero y la vereda El Estero.<\/p>\n<p>La creciente del r\u00edo Cauca ha dejado como resultado a cerca de 1.440 familias afectadas y damnificadas de toda la zona del Jarill\u00f3n y Juanchito, seg\u00fan el m\u00e1s reciente balance de las autoridades locales.<\/p>\n<p>Carlos Alberto Ram\u00edrez Callejas, docente del grupo de investigaci\u00f3n en Hidr\u00e1ulica Fluvial y Mar\u00edtima-HIDROMAR de la Escuela de Ingenier\u00eda de Recursos Naturales y del Ambiente \u2013 EIDENAR de la Universidad del Valle, explica que en Cali se han visto m\u00e1s afectados por la creciente del r\u00edo Cauca quienes habitan la berma, un terreno entre el cauce del r\u00edo y el dique, una zona en la cual no deber\u00eda haber asentamientos humanos porque en caso de una creciente son los primeros afectados por la inundaci\u00f3n.<\/p>\n<p>El profesor Ram\u00edrez Callejas, ingeniero civil de la Universidad del Valle y magister en Unesco-IHE de Holanda, dice que los desbordamientos de los r\u00edos son naturales; es com\u00fan que, en \u00e9pocas de invierno, cuando llueve mucho y de manera prolongada, este tipo de eventos sucedan.<\/p>\n<p>Los nuevos paradigmas han revelado que, para una mejor gesti\u00f3n integral del riesgo de inundaciones, deben combinarse medidas estructurales y no estructurales.<\/p>\n<p>Dentro de las medidas estructurales se encuentran, entre otras, los diques o jarillones, los canales de desviaci\u00f3n, los embalses de regulaci\u00f3n y las zonas de almacenamiento temporal, que son espacios en los que se permite que el r\u00edo se desborde e inunde algunas \u00e1reas.<\/p>\n<p>Los diques se han usado tradicionalmente, pero deben seguirse ciertas medidas y recomendaciones para que sean efectivos. En el Valle del Cauca, la norma que regula la localizaci\u00f3n de los diques es el Acuerdo 052 de 2011, expedido por la Corporaci\u00f3n Aut\u00f3noma Regional del Valle del Cauca \u2013 CVC. La reglamentaci\u00f3n dice que, por ejemplo, en tramos relativamente rectos del r\u00edo los diques deben estar como m\u00ednimo a 60 metros del cauce del r\u00edo; en tramos muy sinuosos, el dique no debe ir paralelo al r\u00edo, sino por fuera de la banda de curvas o meandros. Si hay un humedal no puede haber un dique entre \u00e9l y el r\u00edo: esto impedir\u00eda que, en caso de una creciente, el r\u00edo inunde el humedal, que sirve como regulador natural de las crecientes.<\/p>\n<p>Muchas veces los diques no se construyen siguiendo las indicaciones de la norma, sino m\u00e1s cercanos al cauce del r\u00edo. \u201cEntre m\u00e1s cercanos est\u00e9n los diques al cauce principal del r\u00edo, los niveles del r\u00edo van a ser m\u00e1s altos, va a haber m\u00e1s presi\u00f3n sobre los diques, con riesgos m\u00e1s altos que fallen y, aguas abajo, el riesgo de inundaci\u00f3n va a ser mayor, porque llega m\u00e1s caudal con un nivel de agua m\u00e1s alto\u201d, se\u00f1ala el profesor Carlos Ram\u00edrez.<\/p>\n<p>Como parte de las medidas no estructurales para la gesti\u00f3n del riesgo de inundaciones est\u00e1 la identificaci\u00f3n en los Planes de Ordenamiento Territorial de las zonas de amenaza alta para que la autoridad municipal establezca claramente el uso que puede hacerse de estas zonas y en el caso que existan asentamientos humanos adelantar el proceso para su reubicaci\u00f3n a zonas seguras.<\/p>\n<p><strong>El Jarill\u00f3n de Cali<\/strong><\/p>\n<p>Recientemente se actualiz\u00f3 el dise\u00f1o del Jarill\u00f3n Aguablanca en Cali para proteger a la ciudad contra crecientes del r\u00edo Cauca con periodos de retorno de 500 a\u00f1os (es decir, para un caudal muy alto en el r\u00edo que en promedio se puede presentar cada 500 a\u00f1os). El anterior dise\u00f1o del jarill\u00f3n se realiz\u00f3 para un periodo de retorno de 100 a\u00f1os.<\/p>\n<p>En esta actualizaci\u00f3n participaron investigadores holandeses, a trav\u00e9s del Plan Jarill\u00f3n de Cali, un macroproyecto que tiene como objeto reducir el riesgo por inundaci\u00f3n asociado al r\u00edo Cauca, Canal Interceptor Sur y r\u00edo Cali y al sistema de drenaje oriental de Cali; contempla el reforzamiento de la infraestructura vital de servicios p\u00fablicos ubicada en el oriente de la ciudad, que en caso de resultar afectada por inundaci\u00f3n por desbordamiento del R\u00edo Cauca y\/o rotura del Jarill\u00f3n, impactar\u00eda a la mayor\u00eda de la poblaci\u00f3n de Cali (75%), la cual podr\u00eda quedar sin servicio de agua potable.<\/p>\n<p>Fuente: Agencia de Noticias Univalle<\/p>\n","protected":false},"excerpt":{"rendered":"<p>La ola invernal que est\u00e1 atravesando el pa\u00eds no le ha dado tregua a Cali. Las lluvias intensas y persistentes llevaron a que el pasado viernes 12 de mayo, la Alcald\u00eda y el Secretario de Gesti\u00f3n del Riesgo de Emergencia y Desastres, siguiendo las recomendaciones del IDEAM y de la[&#8230;]<\/p>\n","protected":false},"author":1,"featured_media":18684,"comment_status":"open","ping_status":"open","sticky":false,"template":"","format":"standard","meta":{"footnotes":""},"categories":[4],"tags":[],"_links":{"self":[{"href":"https:\/\/emisora.univalle.edu.co\/index.php\/wp-json\/wp\/v2\/posts\/18689"}],"collection":[{"href":"https:\/\/emisora.univalle.edu.co\/index.php\/wp-json\/wp\/v2\/posts"}],"about":[{"href":"https:\/\/emisora.univalle.edu.co\/index.php\/wp-json\/wp\/v2\/types\/post"}],"author":[{"embeddable":true,"href":"https:\/\/emisora.univalle.edu.co\/index.php\/wp-json\/wp\/v2\/users\/1"}],"replies":[{"embeddable":true,"href":"https:\/\/emisora.univalle.edu.co\/index.php\/wp-json\/wp\/v2\/comments?post=18689"}],"version-history":[{"count":3,"href":"https:\/\/emisora.univalle.edu.co\/index.php\/wp-json\/wp\/v2\/posts\/18689\/revisions"}],"predecessor-version":[{"id":18692,"href":"https:\/\/emisora.univalle.edu.co\/index.php\/wp-json\/wp\/v2\/posts\/18689\/revisions\/18692"}],"wp:featuredmedia":[{"embeddable":true,"href":"https:\/\/emisora.univalle.edu.co\/index.php\/wp-json\/wp\/v2\/media\/18684"}],"wp:attachment":[{"href":"https:\/\/emisora.univalle.edu.co\/index.php\/wp-json\/wp\/v2\/media?parent=18689"}],"wp:term":[{"taxonomy":"category","embeddable":true,"href":"https:\/\/emisora.univalle.edu.co\/index.php\/wp-json\/wp\/v2\/categories?post=18689"},{"taxonomy":"post_tag","embeddable":true,"href":"https:\/\/emisora.univalle.edu.co\/index.php\/wp-json\/wp\/v2\/tags?post=18689"}],"curies":[{"name":"wp","href":"https:\/\/api.w.org\/{rel}","templated":true}]}}