{"id":18693,"date":"2017-05-19T14:20:39","date_gmt":"2017-05-19T19:20:39","guid":{"rendered":"https:\/\/emisora.univalle.edu.co\/?p=18693"},"modified":"2017-05-25T14:01:09","modified_gmt":"2017-05-25T19:01:09","slug":"univalle-participa-politica-regional-agua","status":"publish","type":"post","link":"https:\/\/emisora.univalle.edu.co\/index.php\/univalle-participa-politica-regional-agua\/","title":{"rendered":"Univalle participa en pol\u00edtica regional de agua"},"content":{"rendered":"<p><a href=\"https:\/\/emisora.univalle.edu.co\/premio-mejor-investigacion-fisioterapia\/politica-de-aguas\/\" rel=\"attachment wp-att-18685\"><img loading=\"lazy\" decoding=\"async\" class=\"alignleft size-full wp-image-18685\" src=\"https:\/\/emisora.univalle.edu.co\/wp-content\/uploads\/2017\/05\/politica-de-aguas.jpg\" alt=\"politica-de-aguas\" width=\"400\" height=\"379\" srcset=\"https:\/\/emisora.univalle.edu.co\/wp-content\/uploads\/2017\/05\/politica-de-aguas.jpg 400w, https:\/\/emisora.univalle.edu.co\/wp-content\/uploads\/2017\/05\/politica-de-aguas-300x284.jpg 300w\" sizes=\"(max-width: 400px) 100vw, 400px\" \/><\/a>El Departamento del Valle del Cauca aprob\u00f3 la pol\u00edtica p\u00fablica departamental de ambiente y gesti\u00f3n integral del recurso h\u00eddrico, convirti\u00e9ndose en el primer departamento en Colombia que cuenta con normatividad para el manejo de este recurso.<\/p>\n<p>Esta pol\u00edtica p\u00fablica, aprobada mediante la ordenanza No 445 de 2017 de la Asamblea Departamental, fue elaborada por el Consejo Departamental de Pol\u00edtica Ambiental y de Gesti\u00f3n Integral del Recurso H\u00eddrico \u2013CODEPARH, del cual hace parte la Universidad del Valle.<\/p>\n<p>La pol\u00edtica p\u00fablica de ambiente y gesti\u00f3n del recurso h\u00eddrico, tendr\u00e1 una vigencia de 10 a\u00f1os 2017 -2027, y su fin est\u00e1 orientado al desarrollo sostenible, la protecci\u00f3n y conservaci\u00f3n de las cuencas y los ecosistemas de la regi\u00f3n, de la diversidad biol\u00f3gica y sus servicios ecosist\u00e9micos, estableciendo una relaci\u00f3n entre el patrimonio cultural y los sectores de la econom\u00eda, la competitividad y la equidad social.<\/p>\n<p>Con esta nueva disposici\u00f3n de la Asamblea Departamental, tambi\u00e9n se pretende promover cambios culturales a trav\u00e9s de la educaci\u00f3n ambiental.<\/p>\n<p>El CODEPARH, que elabor\u00f3 el texto de la pol\u00edtica p\u00fablica de ambiente y gesti\u00f3n integral del recurso h\u00eddirico, est\u00e1 integrado por las entidades regionales de autoridad ambiental, los operadores de acueductos, las entidades encargadas de mitigaci\u00f3n del riesgo, los entes de salud de salud y algunas universidades como la Aut\u00f3noma de Occidente y la Universidad del Valle, representada por el profesor Miguel Pe\u00f1a, del CINARA.<\/p>\n<p>Para la redacci\u00f3n del documento la gobernadora Dilian Francisca Toro conform\u00f3 el CODEPARH y reuni\u00f3 los representantes institucionales, que con la asesor\u00eda del experto en pol\u00edticas p\u00fablicas Pedro Medell\u00edn elabor\u00f3 un borrador que se present\u00f3 en foros y seminarios con la sociedad civil y talleres acad\u00e9micos.<\/p>\n<p>Luego de varios ajustes propuestos por la comunidad, la pol\u00edtica se present\u00f3 a la Asamblea Departamental del Valle del Cauca que mediante ordenanza la aprob\u00f3 teniendo como base diez principios rectores, cinco objetivos, once estrategias y tres metas.<\/p>\n<p>El primer principio dice que el desarrollo social y el crecimiento econ\u00f3mico en el Valle del Cauca debe ser sostenible y el mejoramiento de la calidad de vida de la poblaci\u00f3n ser\u00e1 sin detrimento de los recursos naturales, los ecosistemas y el paisaje.<\/p>\n<p>El segundo principio obliga a que el uso del agua para consumo humano tenga prioridad sobre cualquier otro uso del recurso h\u00eddrico, complementario a que es un bien de uso p\u00fablico y responsabilidad de todos los habitantes.<\/p>\n<p>Como parte de las estrategias de la pol\u00edtica p\u00fablica se menciona que en el Departamento se considera el riesgo de desastres por eventos naturales o antropog\u00e9nicos no intencionales, como un condicionamiento para el uso y la ocupaci\u00f3n del territorio, procurando evitar nuevas condiciones de riesgo ocasionadas por el impacto del cambio y variabilidad clim\u00e1tica.<\/p>\n<p>Para el profesor Enrique Pe\u00f1a, participante en la elaboraci\u00f3n del documento de pol\u00edtica p\u00fablica en el Valle, hay dos elementos que se tuvieron en cuenta para la elaboraci\u00f3n del documento.<\/p>\n<p>El primero es reconocer que en la regi\u00f3n hay una degradaci\u00f3n ecosist\u00e9mica de suelos y vulnerabilidad exacerbada por la variabilidad clim\u00e1tica y un segundo elemento fue el reconocimiento del derecho al acceso de agua potable de los habitantes de la zona rural, lo que traer\u00e1 consecuencias positivas para la poblaci\u00f3n, especialmente ahora que viene la implementaci\u00f3n del posacuerdo.<\/p>\n<p>La secretar\u00eda t\u00e9cnica del CODEPARH estuvo a cargo de Unidad Ejecutora de saneamiento del Valle que ya convoc\u00f3 para la elaboraci\u00f3n del plan integral de vulnerabilidad clim\u00e1tica en el Departamento.<\/p>\n<p><a href=\"http:\/\/www.valledelcauca.gov.co\/codeparh\/publicaciones.php?id=34527\">Ver pol\u00edtica.<\/a><\/p>\n<p>Fuente: Agencia de Noticias Univalle<\/p>\n","protected":false},"excerpt":{"rendered":"<p>El Departamento del Valle del Cauca aprob\u00f3 la pol\u00edtica p\u00fablica departamental de ambiente y gesti\u00f3n integral del recurso h\u00eddrico, convirti\u00e9ndose en el primer departamento en Colombia que cuenta con normatividad para el manejo de este recurso. Esta pol\u00edtica p\u00fablica, aprobada mediante la ordenanza No 445 de 2017 de la Asamblea[&#8230;]<\/p>\n","protected":false},"author":1,"featured_media":18686,"comment_status":"open","ping_status":"open","sticky":false,"template":"","format":"standard","meta":{"footnotes":""},"categories":[4],"tags":[],"_links":{"self":[{"href":"https:\/\/emisora.univalle.edu.co\/index.php\/wp-json\/wp\/v2\/posts\/18693"}],"collection":[{"href":"https:\/\/emisora.univalle.edu.co\/index.php\/wp-json\/wp\/v2\/posts"}],"about":[{"href":"https:\/\/emisora.univalle.edu.co\/index.php\/wp-json\/wp\/v2\/types\/post"}],"author":[{"embeddable":true,"href":"https:\/\/emisora.univalle.edu.co\/index.php\/wp-json\/wp\/v2\/users\/1"}],"replies":[{"embeddable":true,"href":"https:\/\/emisora.univalle.edu.co\/index.php\/wp-json\/wp\/v2\/comments?post=18693"}],"version-history":[{"count":2,"href":"https:\/\/emisora.univalle.edu.co\/index.php\/wp-json\/wp\/v2\/posts\/18693\/revisions"}],"predecessor-version":[{"id":18695,"href":"https:\/\/emisora.univalle.edu.co\/index.php\/wp-json\/wp\/v2\/posts\/18693\/revisions\/18695"}],"wp:featuredmedia":[{"embeddable":true,"href":"https:\/\/emisora.univalle.edu.co\/index.php\/wp-json\/wp\/v2\/media\/18686"}],"wp:attachment":[{"href":"https:\/\/emisora.univalle.edu.co\/index.php\/wp-json\/wp\/v2\/media?parent=18693"}],"wp:term":[{"taxonomy":"category","embeddable":true,"href":"https:\/\/emisora.univalle.edu.co\/index.php\/wp-json\/wp\/v2\/categories?post=18693"},{"taxonomy":"post_tag","embeddable":true,"href":"https:\/\/emisora.univalle.edu.co\/index.php\/wp-json\/wp\/v2\/tags?post=18693"}],"curies":[{"name":"wp","href":"https:\/\/api.w.org\/{rel}","templated":true}]}}