{"id":18696,"date":"2017-05-19T14:23:22","date_gmt":"2017-05-19T19:23:22","guid":{"rendered":"https:\/\/emisora.univalle.edu.co\/?p=18696"},"modified":"2017-05-25T14:00:39","modified_gmt":"2017-05-25T19:00:39","slug":"los-dos-timidos-una-apuesta-teatral-la-opera","status":"publish","type":"post","link":"https:\/\/emisora.univalle.edu.co\/index.php\/los-dos-timidos-una-apuesta-teatral-la-opera\/","title":{"rendered":"Los &#8216;Dos T\u00edmidos&#8217;, una apuesta teatral en la \u00d3pera"},"content":{"rendered":"<p><a href=\"https:\/\/emisora.univalle.edu.co\/premio-mejor-investigacion-fisioterapia\/dos-timidos\/\" rel=\"attachment wp-att-18682\"><img loading=\"lazy\" decoding=\"async\" class=\"alignleft size-full wp-image-18682\" src=\"https:\/\/emisora.univalle.edu.co\/wp-content\/uploads\/2017\/05\/dos-timidos.jpg\" alt=\"dos-timidos\" width=\"400\" height=\"600\" srcset=\"https:\/\/emisora.univalle.edu.co\/wp-content\/uploads\/2017\/05\/dos-timidos.jpg 400w, https:\/\/emisora.univalle.edu.co\/wp-content\/uploads\/2017\/05\/dos-timidos-200x300.jpg 200w\" sizes=\"(max-width: 400px) 100vw, 400px\" \/><\/a>M\u00fasica, \u00f3pera, corporalidad y puesta en escena son los componentes principales de \u201cI due Timidi\u201d, la muestra acad\u00e9mica organizada la Facultad de Artes Integradas de la Universidad del Valle, que se realizar\u00e1 el pr\u00f3ximo s\u00e1bado 20 de mayo a las 7:00 p.m. en la Sala Beethoven del Instituto Departamental de Bellas Artes.<\/p>\n<p>Esta muestra acad\u00e9mica naci\u00f3 del trabajo colaborativo que se viene adelantando entre tres asignaturas de diferentes unidades acad\u00e9micas de la Facultad: el Taller de \u00d3pera de la Escuela de M\u00fasica, el Taller de Proyectos de Dise\u00f1o Gr\u00e1fico y el Taller de Actuaci\u00f3n para Cantantes del Departamento de Artes Esc\u00e9nicas.<\/p>\n<p>Desde el a\u00f1o 2012 el Taller de \u00d3pera y el Taller de Proyectos de dise\u00f1o gr\u00e1fico se unieron con un objeto de estudio en com\u00fan: La relaci\u00f3n m\u00fasica-imagen en la \u00f3pera. Dicho trabajo fue consolidado como un laboratorio de creaci\u00f3n colectiva y an\u00e1lisis de las diversas formas interdisciplinares de entender la imagen, bien sea sonora, teatral o audiovisual. Desde el 2016 se integr\u00f3 el Taller de Actuaci\u00f3n para Cantantes, con el prop\u00f3sito de encontrar en el cuerpo y sus narrativas el centro de convergencia de la representaci\u00f3n.<\/p>\n<p>\u201cI due Timidi\u201d o los dos t\u00edmidos, original del italiano Nino Rota, es una \u00f3pera c\u00f3mica de un acto, conformada por 15 escenas, escrita para formato radiof\u00f3nico en el periodo de posguerra. En esta versi\u00f3n con puesta esc\u00e9nica, los estudiantes asumieron la creaci\u00f3n en colectivo, sobre un debate en torno a la representaci\u00f3n y narrativa en la \u00f3pera y la reconstrucci\u00f3n conceptual de la misma, desde la transposici\u00f3n de la imagen sonora radiof\u00f3nica a la imagen escenogr\u00e1fica.<\/p>\n<p>La direcci\u00f3n musical est\u00e1 a cargo de Silvia Ordo\u00f1ez, Profesora del taller de \u00f3pera de la Universidad del Valle y de historia de la m\u00fasica en la Universidad del Cauca. La direcci\u00f3n art\u00edstica es de la Profesora del Departamento de Dise\u00f1o Tatiana Cuellar y la direcci\u00f3n esc\u00e9nica de la Profesora Leonelia Gonz\u00e1lez adscrita al Departamento de Artes Esc\u00e9nicas. Al piano los acompa\u00f1ar\u00e1 Viviana Machado.<\/p>\n<p>Fuente: Agencia de Noticias Univalle<\/p>\n","protected":false},"excerpt":{"rendered":"<p>M\u00fasica, \u00f3pera, corporalidad y puesta en escena son los componentes principales de \u201cI due Timidi\u201d, la muestra acad\u00e9mica organizada la Facultad de Artes Integradas de la Universidad del Valle, que se realizar\u00e1 el pr\u00f3ximo s\u00e1bado 20 de mayo a las 7:00 p.m. en la Sala Beethoven del Instituto Departamental de[&#8230;]<\/p>\n","protected":false},"author":1,"featured_media":18683,"comment_status":"open","ping_status":"open","sticky":false,"template":"","format":"standard","meta":{"footnotes":""},"categories":[4],"tags":[],"_links":{"self":[{"href":"https:\/\/emisora.univalle.edu.co\/index.php\/wp-json\/wp\/v2\/posts\/18696"}],"collection":[{"href":"https:\/\/emisora.univalle.edu.co\/index.php\/wp-json\/wp\/v2\/posts"}],"about":[{"href":"https:\/\/emisora.univalle.edu.co\/index.php\/wp-json\/wp\/v2\/types\/post"}],"author":[{"embeddable":true,"href":"https:\/\/emisora.univalle.edu.co\/index.php\/wp-json\/wp\/v2\/users\/1"}],"replies":[{"embeddable":true,"href":"https:\/\/emisora.univalle.edu.co\/index.php\/wp-json\/wp\/v2\/comments?post=18696"}],"version-history":[{"count":1,"href":"https:\/\/emisora.univalle.edu.co\/index.php\/wp-json\/wp\/v2\/posts\/18696\/revisions"}],"predecessor-version":[{"id":18697,"href":"https:\/\/emisora.univalle.edu.co\/index.php\/wp-json\/wp\/v2\/posts\/18696\/revisions\/18697"}],"wp:featuredmedia":[{"embeddable":true,"href":"https:\/\/emisora.univalle.edu.co\/index.php\/wp-json\/wp\/v2\/media\/18683"}],"wp:attachment":[{"href":"https:\/\/emisora.univalle.edu.co\/index.php\/wp-json\/wp\/v2\/media?parent=18696"}],"wp:term":[{"taxonomy":"category","embeddable":true,"href":"https:\/\/emisora.univalle.edu.co\/index.php\/wp-json\/wp\/v2\/categories?post=18696"},{"taxonomy":"post_tag","embeddable":true,"href":"https:\/\/emisora.univalle.edu.co\/index.php\/wp-json\/wp\/v2\/tags?post=18696"}],"curies":[{"name":"wp","href":"https:\/\/api.w.org\/{rel}","templated":true}]}}