{"id":18720,"date":"2017-05-23T08:27:51","date_gmt":"2017-05-23T13:27:51","guid":{"rendered":"https:\/\/emisora.univalle.edu.co\/?p=18720"},"modified":"2017-05-25T13:59:58","modified_gmt":"2017-05-25T18:59:58","slug":"iii-jornada-musicologia","status":"publish","type":"post","link":"https:\/\/emisora.univalle.edu.co\/index.php\/iii-jornada-musicologia\/","title":{"rendered":"III Jornada de Musicolog\u00eda"},"content":{"rendered":"<p>Con \u00e9xito se desarroll\u00f3 la tercera Jornada de Musicolog\u00eda, organizada por la Escuela de M\u00fasica de la facultad de Artes Integradas de la Universidad del Valle, en el Auditorio \u00c1ngel Zapata de la biblioteca Mario Carvajal.<\/p>\n<p>En el evento se present\u00f3 el documental \u201cLuis Enrique Nieto: la m\u00fasica nari\u00f1ense en tiempos del clavel rojo\u201d, que hace parte del trabajo de investigaci\u00f3n del Director de la Maestr\u00eda en M\u00fasica y Coordinador de Musicolog\u00eda de la Pontificia Universidad Javeriana de Bogot\u00e1, Luis Gabriel Mesa Mart\u00ednez, quien complemento la proyecci\u00f3n con una conferencia sobre identidades transnacionales en la m\u00fasica del maestro nari\u00f1ense y la m\u00fasica de Maruja Hinestrosa.<\/p>\n<p>Dentro de la jornada, Diego Le\u00f3n G\u00f3mez, director del Departamento de M\u00fasica de la Universidad de Antioquia dict\u00f3 la conferencia \u201c Los int\u00e9rpretes somos investigadores o \u00bfLos int\u00e9rpretes somos investigadores?\u201d y la Profesora de la Escuela de M\u00fasica de la Universidad del Valle, Mar\u00eda Victoria Casas, con la conferencia \u201cMiradas desde la nueva musicolog\u00eda al estudio de documentos musicales: caso de la colecci\u00f3n de partituras del Convento La Merced en Cali\u201d.<\/p>\n<p>El evento cont\u00f3 con la asistencia y participaci\u00f3n de estudiantes y docentes de la Escuela de M\u00fasica de la Universidad del Valle, la Universidad del Cauca y la Pontificia Universidad Javeriana de Cali.<\/p>\n<p>Fuente: Agencia de Noticias Univalle<\/p>\n","protected":false},"excerpt":{"rendered":"<p>Con \u00e9xito se desarroll\u00f3 la tercera Jornada de Musicolog\u00eda, organizada por la Escuela de M\u00fasica de la facultad de Artes Integradas de la Universidad del Valle, en el Auditorio \u00c1ngel Zapata de la biblioteca Mario Carvajal. En el evento se present\u00f3 el documental \u201cLuis Enrique Nieto: la m\u00fasica nari\u00f1ense en[&#8230;]<\/p>\n","protected":false},"author":1,"featured_media":18722,"comment_status":"open","ping_status":"open","sticky":false,"template":"","format":"standard","meta":{"footnotes":""},"categories":[4],"tags":[],"_links":{"self":[{"href":"https:\/\/emisora.univalle.edu.co\/index.php\/wp-json\/wp\/v2\/posts\/18720"}],"collection":[{"href":"https:\/\/emisora.univalle.edu.co\/index.php\/wp-json\/wp\/v2\/posts"}],"about":[{"href":"https:\/\/emisora.univalle.edu.co\/index.php\/wp-json\/wp\/v2\/types\/post"}],"author":[{"embeddable":true,"href":"https:\/\/emisora.univalle.edu.co\/index.php\/wp-json\/wp\/v2\/users\/1"}],"replies":[{"embeddable":true,"href":"https:\/\/emisora.univalle.edu.co\/index.php\/wp-json\/wp\/v2\/comments?post=18720"}],"version-history":[{"count":1,"href":"https:\/\/emisora.univalle.edu.co\/index.php\/wp-json\/wp\/v2\/posts\/18720\/revisions"}],"predecessor-version":[{"id":18724,"href":"https:\/\/emisora.univalle.edu.co\/index.php\/wp-json\/wp\/v2\/posts\/18720\/revisions\/18724"}],"wp:featuredmedia":[{"embeddable":true,"href":"https:\/\/emisora.univalle.edu.co\/index.php\/wp-json\/wp\/v2\/media\/18722"}],"wp:attachment":[{"href":"https:\/\/emisora.univalle.edu.co\/index.php\/wp-json\/wp\/v2\/media?parent=18720"}],"wp:term":[{"taxonomy":"category","embeddable":true,"href":"https:\/\/emisora.univalle.edu.co\/index.php\/wp-json\/wp\/v2\/categories?post=18720"},{"taxonomy":"post_tag","embeddable":true,"href":"https:\/\/emisora.univalle.edu.co\/index.php\/wp-json\/wp\/v2\/tags?post=18720"}],"curies":[{"name":"wp","href":"https:\/\/api.w.org\/{rel}","templated":true}]}}