{"id":18745,"date":"2017-05-23T11:14:59","date_gmt":"2017-05-23T16:14:59","guid":{"rendered":"https:\/\/emisora.univalle.edu.co\/?p=18745"},"modified":"2017-11-02T14:24:28","modified_gmt":"2017-11-02T19:24:28","slug":"comercio-justo-encuentro-saberes-del-agro-del-cauca","status":"publish","type":"post","link":"https:\/\/emisora.univalle.edu.co\/index.php\/comercio-justo-encuentro-saberes-del-agro-del-cauca\/","title":{"rendered":"Comercio justo, en el Encuentro de Saberes del Agro del Cauca"},"content":{"rendered":"<p><a href=\"https:\/\/emisora.univalle.edu.co\/la-inteligencia-militar-colombia\/comercio-justo\/\" rel=\"attachment wp-att-18741\"><img loading=\"lazy\" decoding=\"async\" class=\"alignleft size-full wp-image-18741\" src=\"https:\/\/emisora.univalle.edu.co\/wp-content\/uploads\/2017\/05\/comercio-justo.jpg\" alt=\"comercio-justo\" width=\"400\" height=\"624\" srcset=\"https:\/\/emisora.univalle.edu.co\/wp-content\/uploads\/2017\/05\/comercio-justo.jpg 400w, https:\/\/emisora.univalle.edu.co\/wp-content\/uploads\/2017\/05\/comercio-justo-192x300.jpg 192w\" sizes=\"(max-width: 400px) 100vw, 400px\" \/><\/a>La Universidad del Valle Sede Norte del Cauca, como parte de su estrategia de proyecci\u00f3n social en la regi\u00f3n, viene impulsando la iniciativa de \u201cComercio Justo\u201d, un movimiento con una filosof\u00eda solidaria y equitativa enfocada a los peque\u00f1os productores. Este evento, realizado en el marco del \u00b4Encuentro de Saberes Culturales y del Agro del Cauca\u2019, una apuesta social para vincular a los productores agr\u00edcolas en un d\u00eda de mercado, posibilitando una transacci\u00f3n comercial entre productor y consumidor final.<\/p>\n<p>La actividad ser\u00e1 a cabo el viernes 26 de mayo desde las 7:30 a.m, en el Campus Carvajal de la Sede Norte del Cauca.<\/p>\n<ul>\n<li><strong>Metodolog\u00eda del evento<\/strong><\/li>\n<li><strong>Se invitar\u00e1n a productores agropecuarios de la regi\u00f3n para que ofrezcan sus productos en un espacio de d\u00eda de mercado.<\/strong><\/li>\n<li><strong>Se destinar\u00e1n espacios para exposici\u00f3n de gastronom\u00eda aut\u00f3ctona, artesan\u00edas y turismo rural.<\/strong><\/li>\n<li><strong>Tambi\u00e9n habr\u00e1 un ciclo de conferencias que iniciar\u00e1 a las 9:00 a.m. y una muestra cultural que empezar\u00e1 a las 6:00 p.m. (Vea toda la programaci\u00f3n aqu\u00ed)<\/strong><\/li>\n<\/ul>\n<p>Este proyecto inici\u00f3 en 2014 con el proyecto de investigaci\u00f3n \u201cDise\u00f1o de un modelo de tiendas al comercio justo de productos etnoculturales y ecotur\u00edsticos para los microempresarios artesanos de Santander de Quilichao\u201d.<\/p>\n<p>Durante el proceso de investigaci\u00f3n se logr\u00f3 identificar un mercado potencial de productos agr\u00edcolas que estaban en este movimiento social, es as\u00ed que se reorienta la apuesta al sector agr\u00edcola de la regi\u00f3n.<\/p>\n<p>Para este acercamiento con los productores se realiza el \u201cEncuentro de Saberes del Agro del Cauca\u201d en el mes de mayo de 2015, con la participaci\u00f3n de 30 productores y 6 conferencistas, el objetivo es sistematizar los diferentes proyectos productivos de la zona, identificando productos, productores, asociaciones, ubicaci\u00f3n geogr\u00e1fica.<\/p>\n<p>El mismo a\u00f1o, entre el 29 y 31 de octubre, se organiz\u00f3 el primer seminario sobre Comercio Justo y Universidades, con la participaci\u00f3n de 16 expositores del \u00e1mbito nacional e internacional, actividad que le da, a la Universidad, reconocimiento por sus apuestas con los peque\u00f1os productores y la posibilidad de desarrollar alianzas estrat\u00e9gicas con organizaciones como la Organizaci\u00f3n Internacional para las Migraciones OIM; el Programa de las Naciones Unidas para el Desarrollo-PNUD, La Agencia de los Estados Unidos para el Desarrollo Internacional-USAID, Colombia Responde, entre otras.<\/p>\n<p>Fuente: Agencia de Noticias Univalle<\/p>\n","protected":false},"excerpt":{"rendered":"<p>La Universidad del Valle Sede Norte del Cauca, como parte de su estrategia de proyecci\u00f3n social en la regi\u00f3n, viene impulsando la iniciativa de \u201cComercio Justo\u201d, un movimiento con una filosof\u00eda solidaria y equitativa enfocada a los peque\u00f1os productores. Este evento, realizado en el marco del \u00b4Encuentro de Saberes Culturales[&#8230;]<\/p>\n","protected":false},"author":1,"featured_media":18742,"comment_status":"open","ping_status":"open","sticky":false,"template":"","format":"standard","meta":{"footnotes":""},"categories":[4],"tags":[],"_links":{"self":[{"href":"https:\/\/emisora.univalle.edu.co\/index.php\/wp-json\/wp\/v2\/posts\/18745"}],"collection":[{"href":"https:\/\/emisora.univalle.edu.co\/index.php\/wp-json\/wp\/v2\/posts"}],"about":[{"href":"https:\/\/emisora.univalle.edu.co\/index.php\/wp-json\/wp\/v2\/types\/post"}],"author":[{"embeddable":true,"href":"https:\/\/emisora.univalle.edu.co\/index.php\/wp-json\/wp\/v2\/users\/1"}],"replies":[{"embeddable":true,"href":"https:\/\/emisora.univalle.edu.co\/index.php\/wp-json\/wp\/v2\/comments?post=18745"}],"version-history":[{"count":1,"href":"https:\/\/emisora.univalle.edu.co\/index.php\/wp-json\/wp\/v2\/posts\/18745\/revisions"}],"predecessor-version":[{"id":18746,"href":"https:\/\/emisora.univalle.edu.co\/index.php\/wp-json\/wp\/v2\/posts\/18745\/revisions\/18746"}],"wp:featuredmedia":[{"embeddable":true,"href":"https:\/\/emisora.univalle.edu.co\/index.php\/wp-json\/wp\/v2\/media\/18742"}],"wp:attachment":[{"href":"https:\/\/emisora.univalle.edu.co\/index.php\/wp-json\/wp\/v2\/media?parent=18745"}],"wp:term":[{"taxonomy":"category","embeddable":true,"href":"https:\/\/emisora.univalle.edu.co\/index.php\/wp-json\/wp\/v2\/categories?post=18745"},{"taxonomy":"post_tag","embeddable":true,"href":"https:\/\/emisora.univalle.edu.co\/index.php\/wp-json\/wp\/v2\/tags?post=18745"}],"curies":[{"name":"wp","href":"https:\/\/api.w.org\/{rel}","templated":true}]}}