{"id":18747,"date":"2017-05-23T13:57:33","date_gmt":"2017-05-23T18:57:33","guid":{"rendered":"https:\/\/emisora.univalle.edu.co\/?p=18747"},"modified":"2017-05-25T13:59:14","modified_gmt":"2017-05-25T18:59:14","slug":"foro-movilidad-urbana-cali","status":"publish","type":"post","link":"https:\/\/emisora.univalle.edu.co\/index.php\/foro-movilidad-urbana-cali\/","title":{"rendered":"Foro sobre movilidad urbana en Cali"},"content":{"rendered":"<p><a href=\"https:\/\/emisora.univalle.edu.co\/foro-movilidad-urbana-cali\/foro-movilidad\/\" rel=\"attachment wp-att-18750\"><img loading=\"lazy\" decoding=\"async\" class=\"alignleft size-full wp-image-18750\" src=\"https:\/\/emisora.univalle.edu.co\/wp-content\/uploads\/2017\/05\/foro-movilidad.jpg\" alt=\"foro-movilidad\" width=\"400\" height=\"711\" srcset=\"https:\/\/emisora.univalle.edu.co\/wp-content\/uploads\/2017\/05\/foro-movilidad.jpg 400w, https:\/\/emisora.univalle.edu.co\/wp-content\/uploads\/2017\/05\/foro-movilidad-169x300.jpg 169w\" sizes=\"(max-width: 400px) 100vw, 400px\" \/><\/a>El Segundo Foro sobre Movilidad Urbana en Cali: retos y perspectivas, organizado por la Universidad del Valle a trav\u00e9s del Laboratorio Urbano Social del Centro de Documentaci\u00f3n e Investigaci\u00f3n Socioecon\u00f3mica-CIDSE, el Laboratorio del Transporte-LABTRA de la Facultad de Ingenier\u00eda, en convenio con el Laboratorio Urbano Rural Regional-LURR de la Direcci\u00f3n de Extensi\u00f3n y Educaci\u00f3n Continua, ser\u00e1 este viernes 26 de mayo.<\/p>\n<p>El evento, que se desarrollar\u00e1 de 8:30 a.m. a 5:30 p.m. en el Auditorio Antonio J. Posada, del Campus de Mel\u00e9ndez, tiene el \u00e1nimo de promover la reflexi\u00f3n y an\u00e1lisis de los temas relevantes de ciudad y regi\u00f3n, a trav\u00e9s de talleres y foros de discusi\u00f3n, para lo cual se ha invitado a expertos ponentes en el tema de movilidad urbana.<\/p>\n<p>L a reflexi\u00f3n sobre temas de la ciudad es el eje central del Foro, pues se considera de suma relevancia e inter\u00e9s p\u00fablico, debido a los aspectos econ\u00f3micos, sociales y ambientales que involucra, as\u00ed como por los retos y desaf\u00edos que implica para los planes de Gobierno Municipal.<\/p>\n<p>Al evento est\u00e1n invitados:<\/p>\n<ul>\n<li><strong>Harvy Vivas Pacheco, Laboratorio Urbano Social-CIDSE, Universidad del Valle.<\/strong><\/li>\n<li><strong>Peter Charles Brand, Geograf\u00eda Social y Econ\u00f3mica-Estudios Urbanos, Universidad Nacional de Medell\u00edn.<\/strong><\/li>\n<li><strong>\u00d3scar Rom\u00e1n Tudela, Ingeniero Electr\u00f3nico, Universidad del Valle.<\/strong><\/li>\n<li><strong>Eduardo Caicedo, Ingeniero Electr\u00f3nico, Universidad del Valle.<\/strong><\/li>\n<li><strong>William Mauricio Vallejo, Movilidad Sostenible y Seguridad Vial, Alcald\u00eda Santiago de Cali.<\/strong><\/li>\n<li><strong>Nicol\u00e1s Orejuela Botero, Presidente, METRO CALI S.A. <\/strong><\/li>\n<\/ul>\n<p>La entrada es libre y se espera la amplia participaci\u00f3n de investigadores, docentes y estudiantes, as\u00ed como l\u00edderes sociales y ciudadan\u00eda en general.<\/p>\n<p>Mayores informes:<\/p>\n<p>CIDSE \u2013 Centro de Investigaciones y Documentaci\u00f3n Socioecon\u00f3mica<\/p>\n<p>Ubicaci\u00f3n: Edificio 387 &#8211; FACULTAD DE CIENCIAS SOCIALES Y ECON\u00d3MICAS, Espacio 2027<\/p>\n<p>Tel\u00e9fono directo: 3315200 &#8211; 3212346<\/p>\n<p>Extensi\u00f3n: 3212100 Ext 2346 &#8211; 3212100 Ext 3163<\/p>\n<p>Correo electr\u00f3nico: <a href=\"mailto:cidse@correounivalle.edu.co\">cidse@correounivalle.edu.co<\/a><\/p>\n<p>Fuente: Agencia de Noticias Univalle<\/p>\n","protected":false},"excerpt":{"rendered":"<p>El Segundo Foro sobre Movilidad Urbana en Cali: retos y perspectivas, organizado por la Universidad del Valle a trav\u00e9s del Laboratorio Urbano Social del Centro de Documentaci\u00f3n e Investigaci\u00f3n Socioecon\u00f3mica-CIDSE, el Laboratorio del Transporte-LABTRA de la Facultad de Ingenier\u00eda, en convenio con el Laboratorio Urbano Rural Regional-LURR de la Direcci\u00f3n[&#8230;]<\/p>\n","protected":false},"author":1,"featured_media":18751,"comment_status":"open","ping_status":"open","sticky":false,"template":"","format":"standard","meta":{"footnotes":""},"categories":[4],"tags":[],"_links":{"self":[{"href":"https:\/\/emisora.univalle.edu.co\/index.php\/wp-json\/wp\/v2\/posts\/18747"}],"collection":[{"href":"https:\/\/emisora.univalle.edu.co\/index.php\/wp-json\/wp\/v2\/posts"}],"about":[{"href":"https:\/\/emisora.univalle.edu.co\/index.php\/wp-json\/wp\/v2\/types\/post"}],"author":[{"embeddable":true,"href":"https:\/\/emisora.univalle.edu.co\/index.php\/wp-json\/wp\/v2\/users\/1"}],"replies":[{"embeddable":true,"href":"https:\/\/emisora.univalle.edu.co\/index.php\/wp-json\/wp\/v2\/comments?post=18747"}],"version-history":[{"count":2,"href":"https:\/\/emisora.univalle.edu.co\/index.php\/wp-json\/wp\/v2\/posts\/18747\/revisions"}],"predecessor-version":[{"id":18754,"href":"https:\/\/emisora.univalle.edu.co\/index.php\/wp-json\/wp\/v2\/posts\/18747\/revisions\/18754"}],"wp:featuredmedia":[{"embeddable":true,"href":"https:\/\/emisora.univalle.edu.co\/index.php\/wp-json\/wp\/v2\/media\/18751"}],"wp:attachment":[{"href":"https:\/\/emisora.univalle.edu.co\/index.php\/wp-json\/wp\/v2\/media?parent=18747"}],"wp:term":[{"taxonomy":"category","embeddable":true,"href":"https:\/\/emisora.univalle.edu.co\/index.php\/wp-json\/wp\/v2\/categories?post=18747"},{"taxonomy":"post_tag","embeddable":true,"href":"https:\/\/emisora.univalle.edu.co\/index.php\/wp-json\/wp\/v2\/tags?post=18747"}],"curies":[{"name":"wp","href":"https:\/\/api.w.org\/{rel}","templated":true}]}}