{"id":18757,"date":"2017-05-23T13:59:27","date_gmt":"2017-05-23T18:59:27","guid":{"rendered":"https:\/\/emisora.univalle.edu.co\/?p=18757"},"modified":"2017-05-25T13:58:34","modified_gmt":"2017-05-25T18:58:34","slug":"becado-programa-intercambio-japon","status":"publish","type":"post","link":"https:\/\/emisora.univalle.edu.co\/index.php\/becado-programa-intercambio-japon\/","title":{"rendered":"Becado para programa de intercambio en Jap\u00f3n"},"content":{"rendered":"<p>Ronald Jacinto R\u00edos Santacruz, estudiante de Qu\u00edmica de la Facultad de Ciencias Naturales y Exactas de la Universidad del Valle, y quien hace parte del curso de Japon\u00e9s de la Escuela de Ciencias del Lenguaje, es uno de los 27 colombianos, entre estudiantes y docentes, seleccionados para participar en el programa de intercambio \u2018Sakura Science\u2019, que se llevar\u00e1 a cabo en Jap\u00f3n.<\/p>\n<p>Los seleccionados viajar\u00e1n hacia ese pa\u00eds el pr\u00f3ximo 23 de junio y vivir\u00e1n una inmersi\u00f3n en el sistema de educaci\u00f3n, ciencia y tecnolog\u00eda nip\u00f3n. El programa incluye tambi\u00e9n visitas a universidades, institutos de investigaci\u00f3n y laboratorios, en donde los estudiantes tendr\u00e1n un mayor acercamiento a los estudios y avances en materia de ciencia y tecnolog\u00eda.<\/p>\n<p>Estas becas de intercambio cubren la totalidad del costo de matr\u00edcula, los pasajes de ida y regreso, el alojamiento por el tiempo que dura la inmersi\u00f3n, un estipendio mensual y seguro de viaje.<\/p>\n<p>Estas nuevas becas para colombianos resultan de la gesti\u00f3n de la misi\u00f3n llevada a cabo el a\u00f1o pasado por un equipo interinstitucional de delegados del Ministerio de Educaci\u00f3n Nacional, el ICETEX y Colciencias, en la que se priorizaron temas de educaci\u00f3n superior, ciencia, tecnolog\u00eda y conocimiento global.<\/p>\n<p>Las becas, que fueron ofertadas por el ICETEX y Colciencias, est\u00e1n dirigidas a tres tipos de candidatos: estudiantes de colegios de grado 10\u00ba y 11\u00ba que hacen parte del programa \u2018Ondas\u2019; estudiantes de pregrado (a partir de quinto semestre) de Instituciones de Educaci\u00f3n Superior p\u00fablicas que est\u00e9n cursando carreras relacionadas con ciencia, tecnolog\u00eda e innovaci\u00f3n y profesores de los colegios que pertenecen al programa \u2018Ondas\u2019 en las materias relacionadas con el programa \u2018Sakura Science\u2019.<\/p>\n<p>Luz Amparo Medina, jefe de la Oficina de Cooperaci\u00f3n Internacional del Ministerio de Educaci\u00f3n, resalt\u00f3 el programa pues, asegura, este tipo de experiencias redunda en el mejoramiento de la calidad de la educaci\u00f3n del pa\u00eds. \u201cPara este Ministerio es fundamental contar con programas de intercambio como Sakura, puesto que van de la mano con las estrategias nacionales que fortalecen la formaci\u00f3n en innovaci\u00f3n y uso de las TIC\u201d.<\/p>\n<p>Por su parte, Andr\u00e9s V\u00e1squez, presidente del ICETEX asegur\u00f3: \u201cPara el pa\u00eds es un orgullo que m\u00e1s colombianos tengan la oportunidad de consolidar su formaci\u00f3n en ciencia y tecnolog\u00eda en una de las naciones que son referente mundial. La experiencia que ellos tendr\u00e1n ser\u00e1n determinantes en su educaci\u00f3n y en sus vidas. La calidad ser\u00e1 sin\u00f3nimo de los retos que ellos asumir\u00e1n con este programa de intercambio\u201d, se\u00f1al\u00f3.<\/p>\n<p>Para Cesar Ocampo, director de Colciencias, \u201cser\u00e1 una gran oportunidad para compartir y fortalecer buenas pr\u00e1cticas en torno a la educaci\u00f3n, la ciencia y la tecnolog\u00eda. As\u00ed mismo, resaltamos la participaci\u00f3n de los ni\u00f1os y j\u00f3venes \u2018Ondas\u2019, quienes un d\u00eda se asombraron, se inspiraron, trabajaron con disciplina y hoy est\u00e1n cumpliendo sus sue\u00f1os\u201d.<\/p>\n<p>Colombia es el primer pa\u00eds latinoamericano en ser elegible para el programa \u2018Sakura Science\u2019, el cual tradicionalmente apoya el intercambio de j\u00f3venes de pa\u00edses del sudeste asi\u00e1tico al Jap\u00f3n.<\/p>\n<p>Fuente: Agencia de Noticias Univalle<\/p>\n","protected":false},"excerpt":{"rendered":"<p>Ronald Jacinto R\u00edos Santacruz, estudiante de Qu\u00edmica de la Facultad de Ciencias Naturales y Exactas de la Universidad del Valle, y quien hace parte del curso de Japon\u00e9s de la Escuela de Ciencias del Lenguaje, es uno de los 27 colombianos, entre estudiantes y docentes, seleccionados para participar en el[&#8230;]<\/p>\n","protected":false},"author":1,"featured_media":18748,"comment_status":"open","ping_status":"open","sticky":false,"template":"","format":"standard","meta":{"footnotes":""},"categories":[4],"tags":[],"_links":{"self":[{"href":"https:\/\/emisora.univalle.edu.co\/index.php\/wp-json\/wp\/v2\/posts\/18757"}],"collection":[{"href":"https:\/\/emisora.univalle.edu.co\/index.php\/wp-json\/wp\/v2\/posts"}],"about":[{"href":"https:\/\/emisora.univalle.edu.co\/index.php\/wp-json\/wp\/v2\/types\/post"}],"author":[{"embeddable":true,"href":"https:\/\/emisora.univalle.edu.co\/index.php\/wp-json\/wp\/v2\/users\/1"}],"replies":[{"embeddable":true,"href":"https:\/\/emisora.univalle.edu.co\/index.php\/wp-json\/wp\/v2\/comments?post=18757"}],"version-history":[{"count":1,"href":"https:\/\/emisora.univalle.edu.co\/index.php\/wp-json\/wp\/v2\/posts\/18757\/revisions"}],"predecessor-version":[{"id":18758,"href":"https:\/\/emisora.univalle.edu.co\/index.php\/wp-json\/wp\/v2\/posts\/18757\/revisions\/18758"}],"wp:featuredmedia":[{"embeddable":true,"href":"https:\/\/emisora.univalle.edu.co\/index.php\/wp-json\/wp\/v2\/media\/18748"}],"wp:attachment":[{"href":"https:\/\/emisora.univalle.edu.co\/index.php\/wp-json\/wp\/v2\/media?parent=18757"}],"wp:term":[{"taxonomy":"category","embeddable":true,"href":"https:\/\/emisora.univalle.edu.co\/index.php\/wp-json\/wp\/v2\/categories?post=18757"},{"taxonomy":"post_tag","embeddable":true,"href":"https:\/\/emisora.univalle.edu.co\/index.php\/wp-json\/wp\/v2\/tags?post=18757"}],"curies":[{"name":"wp","href":"https:\/\/api.w.org\/{rel}","templated":true}]}}