{"id":18759,"date":"2017-05-23T14:01:08","date_gmt":"2017-05-23T19:01:08","guid":{"rendered":"https:\/\/emisora.univalle.edu.co\/?p=18759"},"modified":"2017-05-25T13:57:55","modified_gmt":"2017-05-25T18:57:55","slug":"18759-2","status":"publish","type":"post","link":"https:\/\/emisora.univalle.edu.co\/index.php\/18759-2\/","title":{"rendered":"III Foro Regional sobre Investigaci\u00f3n e Intervenci\u00f3n con Familias"},"content":{"rendered":"<p>El grupo de investigaci\u00f3n \u201cEstudios de Familia y Sociedad\u00bb, de la Escuela de Trabajo Social y Desarrollo Humano de la Facultad de Humanidades de la Universidad del Valle, tiene el gusto de invitarlos al III Foro Regional sobre Investigaci\u00f3n e Intervenci\u00f3n con Familias, \u201cFamilia y Estado en el cuidado de la primera infancia\u201d. A realizarse el mi\u00e9rcoles 24 de mayo de 2017, entre las 8:00 a.m. y las 6:00 p.m., en el Sal\u00f3n Madera Centro Cultural de Cali<\/p>\n<p>Adem\u00e1s de ponencias alusivas a este tema, el Foro contar\u00e1 con la participaci\u00f3n de diferentes actores(as) que han hecho parte de la Investigaci\u00f3n \u201cLa Organizaci\u00f3n social del cuidado y su implementaci\u00f3n en ni\u00f1os y ni\u00f1as menores de cinco a\u00f1os en el marco de la Estrategia de Atenci\u00f3n Integral a la Primera Infancia, Educaci\u00f3n Inicial &#8211; Modalidad Familiar Isa\u00edas Duarte Cancino y La Selva\u201d; exposiciones que entre otros, permitir\u00e1n poner en debate aspectos relacionados con la tem\u00e1tica que nos convoca.<\/p>\n<p>En la informaci\u00f3n adjunta, podr\u00e1 encontrar los nombres de las ponencias y de los(as) ponentes, el lugar, la fecha, la hora y el link para hacer la inscripci\u00f3n al Evento. Para el Grupo de Investigaci\u00f3n es importante su asistencia al Foro y con ello generar espacios de acercamiento entre los actores que hacen parte de la Organizaci\u00f3n del Cuidado de la Primera Infancia y continuar, de esta manera, promoviendo acciones que contribuyan al bienestar de esta poblaci\u00f3n y de sus familias.<\/p>\n<p>*Abierto al p\u00fablico y sin costo<\/p>\n<p><a href=\"https:\/\/drive.google.com\/file\/d\/0B3166DOwyCu0UTEyNnF5SUJIUE0\/view\">Ver programaci\u00f3n:\u00a0<\/a><\/p>\n<p>Invitan<\/p>\n<p>Grupo de Investigaci\u00f3n Estudios de Familia y Sociedad<\/p>\n<p>Escuela de Trabajo Social y Desarrollo Humano<\/p>\n<p>Facultad de Humanidades<\/p>\n<p>Universidad del Valle<\/p>\n<p>Fuente: Agencia de Noticias Univalle<\/p>\n","protected":false},"excerpt":{"rendered":"<p>El grupo de investigaci\u00f3n \u201cEstudios de Familia y Sociedad\u00bb, de la Escuela de Trabajo Social y Desarrollo Humano de la Facultad de Humanidades de la Universidad del Valle, tiene el gusto de invitarlos al III Foro Regional sobre Investigaci\u00f3n e Intervenci\u00f3n con Familias, \u201cFamilia y Estado en el cuidado de[&#8230;]<\/p>\n","protected":false},"author":1,"featured_media":18752,"comment_status":"open","ping_status":"open","sticky":false,"template":"","format":"standard","meta":{"footnotes":""},"categories":[4],"tags":[],"_links":{"self":[{"href":"https:\/\/emisora.univalle.edu.co\/index.php\/wp-json\/wp\/v2\/posts\/18759"}],"collection":[{"href":"https:\/\/emisora.univalle.edu.co\/index.php\/wp-json\/wp\/v2\/posts"}],"about":[{"href":"https:\/\/emisora.univalle.edu.co\/index.php\/wp-json\/wp\/v2\/types\/post"}],"author":[{"embeddable":true,"href":"https:\/\/emisora.univalle.edu.co\/index.php\/wp-json\/wp\/v2\/users\/1"}],"replies":[{"embeddable":true,"href":"https:\/\/emisora.univalle.edu.co\/index.php\/wp-json\/wp\/v2\/comments?post=18759"}],"version-history":[{"count":2,"href":"https:\/\/emisora.univalle.edu.co\/index.php\/wp-json\/wp\/v2\/posts\/18759\/revisions"}],"predecessor-version":[{"id":18761,"href":"https:\/\/emisora.univalle.edu.co\/index.php\/wp-json\/wp\/v2\/posts\/18759\/revisions\/18761"}],"wp:featuredmedia":[{"embeddable":true,"href":"https:\/\/emisora.univalle.edu.co\/index.php\/wp-json\/wp\/v2\/media\/18752"}],"wp:attachment":[{"href":"https:\/\/emisora.univalle.edu.co\/index.php\/wp-json\/wp\/v2\/media?parent=18759"}],"wp:term":[{"taxonomy":"category","embeddable":true,"href":"https:\/\/emisora.univalle.edu.co\/index.php\/wp-json\/wp\/v2\/categories?post=18759"},{"taxonomy":"post_tag","embeddable":true,"href":"https:\/\/emisora.univalle.edu.co\/index.php\/wp-json\/wp\/v2\/tags?post=18759"}],"curies":[{"name":"wp","href":"https:\/\/api.w.org\/{rel}","templated":true}]}}