{"id":18769,"date":"2017-05-24T14:32:55","date_gmt":"2017-05-24T19:32:55","guid":{"rendered":"https:\/\/emisora.univalle.edu.co\/?p=18769"},"modified":"2017-05-25T13:58:13","modified_gmt":"2017-05-25T18:58:13","slug":"jornada-regional-electronica","status":"publish","type":"post","link":"https:\/\/emisora.univalle.edu.co\/index.php\/jornada-regional-electronica\/","title":{"rendered":"\u2018Jornada Regional de Electr\u00f3nica\u2019"},"content":{"rendered":"<p><a href=\"https:\/\/emisora.univalle.edu.co\/jornada-regional-electronica\/jornada-electronica\/\" rel=\"attachment wp-att-18772\"><img loading=\"lazy\" decoding=\"async\" class=\"alignleft size-full wp-image-18772\" src=\"https:\/\/emisora.univalle.edu.co\/wp-content\/uploads\/2017\/05\/jornada-electronica.jpg\" alt=\"jornada-electronica\" width=\"400\" height=\"481\" srcset=\"https:\/\/emisora.univalle.edu.co\/wp-content\/uploads\/2017\/05\/jornada-electronica.jpg 400w, https:\/\/emisora.univalle.edu.co\/wp-content\/uploads\/2017\/05\/jornada-electronica-249x300.jpg 249w, https:\/\/emisora.univalle.edu.co\/wp-content\/uploads\/2017\/05\/jornada-electronica-60x73.jpg 60w\" sizes=\"(max-width: 400px) 100vw, 400px\" \/><\/a>En el marco de la celebraci\u00f3n de sus 70 a\u00f1os, la Escuela de Ingenier\u00eda El\u00e9ctrica y Electr\u00f3nica de la Universidad del Valle invita a estudiantes universitarios y de colegios, profesionales y empresas del sector industrial relacionadas con los diferentes campos de acci\u00f3n de la electricidad y la electr\u00f3nica, A participar de la \u2018XVI Jornada Regional de Electr\u00f3nica\u2019, el viernes 2 y el s\u00e1bado 3 de junio de 2017, en la que se espera la asistencia de m\u00e1s de 500 participantes.<\/p>\n<p>Esta versi\u00f3n ser\u00e1 en el Coliseo Alberto Le\u00f3n Betancourt, los Auditorios 1, 2, 5 y en la Plazoleta de Ingenier\u00eda de la Universidad del Valle, Campus de Mel\u00e9ndez. Los estudiantes de las Sedes Regionales y de la Ciudad Universitaria Mel\u00e9ndez que estudian Tecnolog\u00eda en Electr\u00f3nica deben realizar previa inscripci\u00f3n para el evento. Para los empresarios y estudiantes de colegios que deseen escuchar las ponencias y participar de las muestras empresariales la entrada es libre.<\/p>\n<p>Puede ver el Portafolio del Evento Aqu\u00ed: <a href=\"https:\/\/goo.gl\/YbxEgr\">https:\/\/goo.gl\/YbxEgr<\/a><\/p>\n<p>En junio de 2002 se llev\u00f3 a cabo la primera jornada regional a cargo de la sede Buga, convirti\u00e9ndose en el punto de partida de este evento que, a\u00f1o tras a\u00f1o, abre las puertas de la Escuela de Ingenier\u00eda El\u00e9ctrica y Electr\u00f3nica para mostrar a la regi\u00f3n el resultado del trabajo acad\u00e9mico y la creatividad de sus estudiantes.<\/p>\n<p>Conferencias, seminarios, exposiciones empresariales, proyectos acad\u00e9micos, concursos en electr\u00f3nica, rob\u00f3tica y automatizaci\u00f3n, son el grupo de actividades que conforman este gran evento de car\u00e1cter t\u00e9cnico y acad\u00e9mico. Con su desarrollo se pretende lograr la interacci\u00f3n entre el sector acad\u00e9mico y el sector productivo.<\/p>\n<p>En versiones anteriores este evento ha contado con la participaci\u00f3n de empresas como Microcircuitos, Kamati, Caf\u00e9 \u00c1guila Roja, Imder Palmira, EPSA, CONALTEL, Casa Toro Automotriz, Suconel, Lynks Ingenier\u00eda, Cenica\u00f1a, Equipelco, Gintecc, Gers, Innovatronics, Metronika, Supermercados Ca\u00f1averal.<\/p>\n<p>M\u00e1s Informaci\u00f3n: <a href=\"mailto:Programa.tecnologiaelectronica@correounivalle.edu.co\">Programa.tecnologiaelectronica@correounivalle.edu.co<\/a><\/p>\n<p>Tel\u00e9fono: (057 2) 3212100 Ext: 2378 \u2013 8402<\/p>\n<p>Fuente: <a href=\"http:\/\/www.univalle.edu.co\/ciencia-y-tecnologia\/jornada-regional-de-electronica\/#\">Agencia de Noticias Univalle<\/a><\/p>\n","protected":false},"excerpt":{"rendered":"<p>En el marco de la celebraci\u00f3n de sus 70 a\u00f1os, la Escuela de Ingenier\u00eda El\u00e9ctrica y Electr\u00f3nica de la Universidad del Valle invita a estudiantes universitarios y de colegios, profesionales y empresas del sector industrial relacionadas con los diferentes campos de acci\u00f3n de la electricidad y la electr\u00f3nica, A participar[&#8230;]<\/p>\n","protected":false},"author":1,"featured_media":18773,"comment_status":"open","ping_status":"open","sticky":false,"template":"","format":"standard","meta":{"footnotes":""},"categories":[4],"tags":[],"_links":{"self":[{"href":"https:\/\/emisora.univalle.edu.co\/index.php\/wp-json\/wp\/v2\/posts\/18769"}],"collection":[{"href":"https:\/\/emisora.univalle.edu.co\/index.php\/wp-json\/wp\/v2\/posts"}],"about":[{"href":"https:\/\/emisora.univalle.edu.co\/index.php\/wp-json\/wp\/v2\/types\/post"}],"author":[{"embeddable":true,"href":"https:\/\/emisora.univalle.edu.co\/index.php\/wp-json\/wp\/v2\/users\/1"}],"replies":[{"embeddable":true,"href":"https:\/\/emisora.univalle.edu.co\/index.php\/wp-json\/wp\/v2\/comments?post=18769"}],"version-history":[{"count":3,"href":"https:\/\/emisora.univalle.edu.co\/index.php\/wp-json\/wp\/v2\/posts\/18769\/revisions"}],"predecessor-version":[{"id":18779,"href":"https:\/\/emisora.univalle.edu.co\/index.php\/wp-json\/wp\/v2\/posts\/18769\/revisions\/18779"}],"wp:featuredmedia":[{"embeddable":true,"href":"https:\/\/emisora.univalle.edu.co\/index.php\/wp-json\/wp\/v2\/media\/18773"}],"wp:attachment":[{"href":"https:\/\/emisora.univalle.edu.co\/index.php\/wp-json\/wp\/v2\/media?parent=18769"}],"wp:term":[{"taxonomy":"category","embeddable":true,"href":"https:\/\/emisora.univalle.edu.co\/index.php\/wp-json\/wp\/v2\/categories?post=18769"},{"taxonomy":"post_tag","embeddable":true,"href":"https:\/\/emisora.univalle.edu.co\/index.php\/wp-json\/wp\/v2\/tags?post=18769"}],"curies":[{"name":"wp","href":"https:\/\/api.w.org\/{rel}","templated":true}]}}