{"id":18788,"date":"2017-05-24T14:38:38","date_gmt":"2017-05-24T19:38:38","guid":{"rendered":"https:\/\/emisora.univalle.edu.co\/?p=18788"},"modified":"2017-05-25T13:57:31","modified_gmt":"2017-05-25T18:57:31","slug":"este-jueves-concierto-ensamble-saxofones","status":"publish","type":"post","link":"https:\/\/emisora.univalle.edu.co\/index.php\/este-jueves-concierto-ensamble-saxofones\/","title":{"rendered":"Este jueves, concierto de ensamble de saxofones"},"content":{"rendered":"<p>El \u00c1rea Cultural de la Divisi\u00f3n de Bibliotecas invita al concierto del ensamble de saxofones \u201cBuga Sax Ensamble\u201d, integrado por estudiantes de la Escuela de M\u00fasica de la Universidad del Valle sede Buga.<\/p>\n<p>El concierto ser\u00e1 este jueves 25 de mayo, a las 4.00 p.m. en el Auditorio \u00c1ngel Zapata de la Biblioteca Mario Carvajal.<\/p>\n<p>La agrupaci\u00f3n naci\u00f3 en el a\u00f1o 2010, como cuarteto SATB (soprano, alto, tenor y bar\u00edtono) bajo la direcci\u00f3n del profesor Juan Carlos Pereira, para representar a la Universidad en diferentes actividades culturales y acad\u00e9micas de la ciudad, con repertorios que abarcaron g\u00e9neros como la m\u00fasica cl\u00e1sica, latinoamericana y popular-tradicional. En el a\u00f1o 2016, la direcci\u00f3n del cuarteto fue asumida por el profesor Johan Hurtado Jensen.<\/p>\n<p>En la actualidad, cuenta con la mayor\u00eda de sus integrantes fundadores y pas\u00f3 a ser Ensamble de Saxofones por el n\u00famero de voces que lo conforman. En formato de sexteto: Saxof\u00f3n Soprano, Saxof\u00f3n Alto 1 y 2, Saxof\u00f3n Tenor, Saxof\u00f3n Bar\u00edtono y percusi\u00f3n, el ensamble ha iniciado un nuevo proceso de exploraci\u00f3n e investigaci\u00f3n bajo la direcci\u00f3n del docente a cargo de la c\u00e1tedra de saxof\u00f3n, profesor Jos\u00e9 Manuel Paz.<\/p>\n<p>Esta actividad hace parte del programa permanente \u201cConcierto del mes\u201d, espacio cultural para disfrutar de la producci\u00f3n de una excelente agrupaci\u00f3n musical o de un m\u00fasico magistral.<\/p>\n<p>Informes: Divisi\u00f3n de Bibliotecas &#8211; \u00c1rea Cultural<\/p>\n<p>3212955 \u2013 3212974<\/p>\n<p>Fuente: <a href=\"http:\/\/www.univalle.edu.co\/arte-y-cultura\/este-jueves-concierto-de-ensamble-de-saxofones\/#\">Agencia de Noticias Univalle<\/a><\/p>\n","protected":false},"excerpt":{"rendered":"<p>El \u00c1rea Cultural de la Divisi\u00f3n de Bibliotecas invita al concierto del ensamble de saxofones \u201cBuga Sax Ensamble\u201d, integrado por estudiantes de la Escuela de M\u00fasica de la Universidad del Valle sede Buga. El concierto ser\u00e1 este jueves 25 de mayo, a las 4.00 p.m. en el Auditorio \u00c1ngel Zapata[&#8230;]<\/p>\n","protected":false},"author":1,"featured_media":18770,"comment_status":"open","ping_status":"open","sticky":false,"template":"","format":"standard","meta":{"footnotes":""},"categories":[4],"tags":[],"_links":{"self":[{"href":"https:\/\/emisora.univalle.edu.co\/index.php\/wp-json\/wp\/v2\/posts\/18788"}],"collection":[{"href":"https:\/\/emisora.univalle.edu.co\/index.php\/wp-json\/wp\/v2\/posts"}],"about":[{"href":"https:\/\/emisora.univalle.edu.co\/index.php\/wp-json\/wp\/v2\/types\/post"}],"author":[{"embeddable":true,"href":"https:\/\/emisora.univalle.edu.co\/index.php\/wp-json\/wp\/v2\/users\/1"}],"replies":[{"embeddable":true,"href":"https:\/\/emisora.univalle.edu.co\/index.php\/wp-json\/wp\/v2\/comments?post=18788"}],"version-history":[{"count":1,"href":"https:\/\/emisora.univalle.edu.co\/index.php\/wp-json\/wp\/v2\/posts\/18788\/revisions"}],"predecessor-version":[{"id":18789,"href":"https:\/\/emisora.univalle.edu.co\/index.php\/wp-json\/wp\/v2\/posts\/18788\/revisions\/18789"}],"wp:featuredmedia":[{"embeddable":true,"href":"https:\/\/emisora.univalle.edu.co\/index.php\/wp-json\/wp\/v2\/media\/18770"}],"wp:attachment":[{"href":"https:\/\/emisora.univalle.edu.co\/index.php\/wp-json\/wp\/v2\/media?parent=18788"}],"wp:term":[{"taxonomy":"category","embeddable":true,"href":"https:\/\/emisora.univalle.edu.co\/index.php\/wp-json\/wp\/v2\/categories?post=18788"},{"taxonomy":"post_tag","embeddable":true,"href":"https:\/\/emisora.univalle.edu.co\/index.php\/wp-json\/wp\/v2\/tags?post=18788"}],"curies":[{"name":"wp","href":"https:\/\/api.w.org\/{rel}","templated":true}]}}