{"id":18790,"date":"2017-05-24T14:42:18","date_gmt":"2017-05-24T19:42:18","guid":{"rendered":"https:\/\/emisora.univalle.edu.co\/?p=18790"},"modified":"2017-11-02T14:24:15","modified_gmt":"2017-11-02T19:24:15","slug":"foro-investigacion-e-intervencion-familias","status":"publish","type":"post","link":"https:\/\/emisora.univalle.edu.co\/index.php\/foro-investigacion-e-intervencion-familias\/","title":{"rendered":"Foro sobre investigaci\u00f3n e intervenci\u00f3n con familias"},"content":{"rendered":"<p>El grupo de investigaci\u00f3n \u201cEstudios de Familia y Sociedad\u00bb, de la Escuela de Trabajo Social y Desarrollo Humano de la Facultad de Humanidades de la Universidad del Valle, invitan al III Foro Regional sobre Investigaci\u00f3n e Intervenci\u00f3n con Familias, \u201cFamilia y Estado en el cuidado de la primera infancia\u201d, el mi\u00e9rcoles 24 de mayo de 2017, entre las 8:00 a.m. y las 6:00 p.m., en el Sal\u00f3n Madera Centro Cultural de Cali.<\/p>\n<p>Adem\u00e1s de ponencias alusivas al tema, el Foro contar\u00e1 con la participaci\u00f3n de actores que han hecho parte de la Investigaci\u00f3n \u201cLa Organizaci\u00f3n social del cuidado y su implementaci\u00f3n en ni\u00f1os y ni\u00f1as menores de cinco a\u00f1os en el marco de la Estrategia de Atenci\u00f3n Integral a la Primera Infancia, Educaci\u00f3n Inicial &#8211; Modalidad Familiar Isa\u00edas Duarte Cancino y La Selva\u201d.<\/p>\n<p><a href=\"https:\/\/drive.google.com\/file\/d\/0BzGoTc_BVojJX0F6WmhaVFR4T1E\/view\">Ver m\u00e1s &#8230;<\/a><\/p>\n<p>Fuente: <a href=\"http:\/\/www.univalle.edu.co\/lo-que-pasa-en-la-u\/foro-sobre-investigacion-e-intervencion-con-familias\/#\">Agencia de Noticias Univalle<\/a><\/p>\n","protected":false},"excerpt":{"rendered":"<p>El grupo de investigaci\u00f3n \u201cEstudios de Familia y Sociedad\u00bb, de la Escuela de Trabajo Social y Desarrollo Humano de la Facultad de Humanidades de la Universidad del Valle, invitan al III Foro Regional sobre Investigaci\u00f3n e Intervenci\u00f3n con Familias, \u201cFamilia y Estado en el cuidado de la primera infancia\u201d, el[&#8230;]<\/p>\n","protected":false},"author":1,"featured_media":18791,"comment_status":"open","ping_status":"open","sticky":false,"template":"","format":"standard","meta":{"footnotes":""},"categories":[4],"tags":[],"_links":{"self":[{"href":"https:\/\/emisora.univalle.edu.co\/index.php\/wp-json\/wp\/v2\/posts\/18790"}],"collection":[{"href":"https:\/\/emisora.univalle.edu.co\/index.php\/wp-json\/wp\/v2\/posts"}],"about":[{"href":"https:\/\/emisora.univalle.edu.co\/index.php\/wp-json\/wp\/v2\/types\/post"}],"author":[{"embeddable":true,"href":"https:\/\/emisora.univalle.edu.co\/index.php\/wp-json\/wp\/v2\/users\/1"}],"replies":[{"embeddable":true,"href":"https:\/\/emisora.univalle.edu.co\/index.php\/wp-json\/wp\/v2\/comments?post=18790"}],"version-history":[{"count":1,"href":"https:\/\/emisora.univalle.edu.co\/index.php\/wp-json\/wp\/v2\/posts\/18790\/revisions"}],"predecessor-version":[{"id":18792,"href":"https:\/\/emisora.univalle.edu.co\/index.php\/wp-json\/wp\/v2\/posts\/18790\/revisions\/18792"}],"wp:featuredmedia":[{"embeddable":true,"href":"https:\/\/emisora.univalle.edu.co\/index.php\/wp-json\/wp\/v2\/media\/18791"}],"wp:attachment":[{"href":"https:\/\/emisora.univalle.edu.co\/index.php\/wp-json\/wp\/v2\/media?parent=18790"}],"wp:term":[{"taxonomy":"category","embeddable":true,"href":"https:\/\/emisora.univalle.edu.co\/index.php\/wp-json\/wp\/v2\/categories?post=18790"},{"taxonomy":"post_tag","embeddable":true,"href":"https:\/\/emisora.univalle.edu.co\/index.php\/wp-json\/wp\/v2\/tags?post=18790"}],"curies":[{"name":"wp","href":"https:\/\/api.w.org\/{rel}","templated":true}]}}