{"id":18793,"date":"2017-05-24T15:38:23","date_gmt":"2017-05-24T20:38:23","guid":{"rendered":"https:\/\/emisora.univalle.edu.co\/?p=18793"},"modified":"2017-05-25T13:57:17","modified_gmt":"2017-05-25T18:57:17","slug":"conferencia-colombia-una-coyuntura-critica-revelacion-historica","status":"publish","type":"post","link":"https:\/\/emisora.univalle.edu.co\/index.php\/conferencia-colombia-una-coyuntura-critica-revelacion-historica\/","title":{"rendered":"Conferencia \u201cColombia: Una coyuntura cr\u00edtica de revelaci\u00f3n hist\u00f3rica\u201d"},"content":{"rendered":"<p><a href=\"https:\/\/emisora.univalle.edu.co\/conferencia-colombia-una-coyuntura-critica-revelacion-historica\/conferencia-3\/\" rel=\"attachment wp-att-18794\"><img loading=\"lazy\" decoding=\"async\" class=\"alignleft size-full wp-image-18794\" src=\"https:\/\/emisora.univalle.edu.co\/wp-content\/uploads\/2017\/05\/conferencia.jpg\" alt=\"conferencia\" width=\"400\" height=\"608\" srcset=\"https:\/\/emisora.univalle.edu.co\/wp-content\/uploads\/2017\/05\/conferencia.jpg 400w, https:\/\/emisora.univalle.edu.co\/wp-content\/uploads\/2017\/05\/conferencia-197x300.jpg 197w\" sizes=\"(max-width: 400px) 100vw, 400px\" \/><\/a>El Departamento de Historia de la Facultad de Humanidades de la Universidad del Valle invita a la conferencia \u201cColombia: Una coyuntura cr\u00edtica de revelaci\u00f3n hist\u00f3rica e incierta mutaci\u00f3n pol\u00edtica\u201d, que se realizar\u00e1 este jueves 25 de mayo de 2017, a las 5:00 p.m., en el Sal\u00f3n 2002, Edificio 385, Campus de Mel\u00e9ndez.<\/p>\n<p>El invitado a la conferencia es Hernando Llano \u00c1ngel, profesor del Departamento de Ciencia Jur\u00eddica y Pol\u00edtica de la Pontificia Universidad Javeriana de Cali.<\/p>\n<p>Llano \u00c1ngel es abogado de la Universidad Santiago de Cali, magister en Estudios Pol\u00edticos de la Pontificia Universidad Javeriana (Bogot\u00e1), magister en Comunidades Europeas de la Universidad Pontificia Comillas (Madrid, Espa\u00f1a) y doctor (Ph.D.) en Procesos de Cambio y Transici\u00f3n Pol\u00edtica en el Estado de la Universidad Complutense de Madrid (Espa\u00f1a).<\/p>\n<p>Esta conferencia hace parte de la C\u00e1tedra Germ\u00e1n Colmenares.<\/p>\n<p>Fuente: Agencia de Noticias Univalle<\/p>\n","protected":false},"excerpt":{"rendered":"<p>El Departamento de Historia de la Facultad de Humanidades de la Universidad del Valle invita a la conferencia \u201cColombia: Una coyuntura cr\u00edtica de revelaci\u00f3n hist\u00f3rica e incierta mutaci\u00f3n pol\u00edtica\u201d, que se realizar\u00e1 este jueves 25 de mayo de 2017, a las 5:00 p.m., en el Sal\u00f3n 2002, Edificio 385, Campus[&#8230;]<\/p>\n","protected":false},"author":1,"featured_media":18795,"comment_status":"open","ping_status":"open","sticky":false,"template":"","format":"standard","meta":{"footnotes":""},"categories":[4],"tags":[],"_links":{"self":[{"href":"https:\/\/emisora.univalle.edu.co\/index.php\/wp-json\/wp\/v2\/posts\/18793"}],"collection":[{"href":"https:\/\/emisora.univalle.edu.co\/index.php\/wp-json\/wp\/v2\/posts"}],"about":[{"href":"https:\/\/emisora.univalle.edu.co\/index.php\/wp-json\/wp\/v2\/types\/post"}],"author":[{"embeddable":true,"href":"https:\/\/emisora.univalle.edu.co\/index.php\/wp-json\/wp\/v2\/users\/1"}],"replies":[{"embeddable":true,"href":"https:\/\/emisora.univalle.edu.co\/index.php\/wp-json\/wp\/v2\/comments?post=18793"}],"version-history":[{"count":2,"href":"https:\/\/emisora.univalle.edu.co\/index.php\/wp-json\/wp\/v2\/posts\/18793\/revisions"}],"predecessor-version":[{"id":18798,"href":"https:\/\/emisora.univalle.edu.co\/index.php\/wp-json\/wp\/v2\/posts\/18793\/revisions\/18798"}],"wp:featuredmedia":[{"embeddable":true,"href":"https:\/\/emisora.univalle.edu.co\/index.php\/wp-json\/wp\/v2\/media\/18795"}],"wp:attachment":[{"href":"https:\/\/emisora.univalle.edu.co\/index.php\/wp-json\/wp\/v2\/media?parent=18793"}],"wp:term":[{"taxonomy":"category","embeddable":true,"href":"https:\/\/emisora.univalle.edu.co\/index.php\/wp-json\/wp\/v2\/categories?post=18793"},{"taxonomy":"post_tag","embeddable":true,"href":"https:\/\/emisora.univalle.edu.co\/index.php\/wp-json\/wp\/v2\/tags?post=18793"}],"curies":[{"name":"wp","href":"https:\/\/api.w.org\/{rel}","templated":true}]}}