{"id":18802,"date":"2017-05-25T13:47:20","date_gmt":"2017-05-25T18:47:20","guid":{"rendered":"https:\/\/emisora.univalle.edu.co\/?p=18802"},"modified":"2017-11-02T14:24:08","modified_gmt":"2017-11-02T19:24:08","slug":"encuentro-regional-universitario-la-cancion","status":"publish","type":"post","link":"https:\/\/emisora.univalle.edu.co\/index.php\/encuentro-regional-universitario-la-cancion\/","title":{"rendered":"Encuentro Regional Universitario de la Canci\u00f3n"},"content":{"rendered":"<p><a href=\"https:\/\/emisora.univalle.edu.co\/encuentro-regional-universitario-la-cancion\/encuentro-cancion\/\" rel=\"attachment wp-att-18804\"><img loading=\"lazy\" decoding=\"async\" class=\"alignleft size-full wp-image-18804\" src=\"https:\/\/emisora.univalle.edu.co\/wp-content\/uploads\/2017\/05\/encuentro-cancion.jpg\" alt=\"encuentro-cancion\" width=\"400\" height=\"605\" srcset=\"https:\/\/emisora.univalle.edu.co\/wp-content\/uploads\/2017\/05\/encuentro-cancion.jpg 400w, https:\/\/emisora.univalle.edu.co\/wp-content\/uploads\/2017\/05\/encuentro-cancion-198x300.jpg 198w\" sizes=\"(max-width: 400px) 100vw, 400px\" \/><\/a>La Universidad del Valle participar\u00e1 con tres representantes en el Encuentro Regional Universitario de la Canci\u00f3n, ma\u00f1ana jueves 25 de mayo, a las 5.00 p.m, en la Coliseo 2 de la Universidad ICESI, en Cali.<\/p>\n<p>Los representantes de la Universidad del Valle Paula Cristina Mart\u00ednez Wilche, Santiago Muriel Giraldo y Michael Estiven G\u00f3mez Mej\u00eda, fueron seleccionados durante el X Encuentro Univalluno de la Canci\u00f3n, que se llev\u00f3 a cabo el d\u00eda 31 de marzo.<\/p>\n<p>La int\u00e9rprete femenina Paula Cristina Mart\u00ednez Wilche es estudiante de sexto semestre del Programa Acad\u00e9mico de Atenci\u00f3n Prehospitalaria; mientras que Santiago Muriel Giraldo, quien participa como int\u00e9rprete masculino y Michael Estiven G\u00f3mez Mej\u00eda en la modalidad de canci\u00f3n in\u00e9dita, son estudiantes de segundo semestre del Programa Acad\u00e9mico de Administraci\u00f3n de Empresas de la sede Cartago.<\/p>\n<p>Fuente: <a href=\"http:\/\/www.univalle.edu.co\/arte-y-cultura\/encuentro-regional-universitario-de-la-cancion\/#\">Agencia de Noticias Univalle<\/a><\/p>\n","protected":false},"excerpt":{"rendered":"<p>La Universidad del Valle participar\u00e1 con tres representantes en el Encuentro Regional Universitario de la Canci\u00f3n, ma\u00f1ana jueves 25 de mayo, a las 5.00 p.m, en la Coliseo 2 de la Universidad ICESI, en Cali. Los representantes de la Universidad del Valle Paula Cristina Mart\u00ednez Wilche, Santiago Muriel Giraldo y[&#8230;]<\/p>\n","protected":false},"author":1,"featured_media":18805,"comment_status":"open","ping_status":"open","sticky":false,"template":"","format":"standard","meta":{"footnotes":""},"categories":[4],"tags":[],"_links":{"self":[{"href":"https:\/\/emisora.univalle.edu.co\/index.php\/wp-json\/wp\/v2\/posts\/18802"}],"collection":[{"href":"https:\/\/emisora.univalle.edu.co\/index.php\/wp-json\/wp\/v2\/posts"}],"about":[{"href":"https:\/\/emisora.univalle.edu.co\/index.php\/wp-json\/wp\/v2\/types\/post"}],"author":[{"embeddable":true,"href":"https:\/\/emisora.univalle.edu.co\/index.php\/wp-json\/wp\/v2\/users\/1"}],"replies":[{"embeddable":true,"href":"https:\/\/emisora.univalle.edu.co\/index.php\/wp-json\/wp\/v2\/comments?post=18802"}],"version-history":[{"count":3,"href":"https:\/\/emisora.univalle.edu.co\/index.php\/wp-json\/wp\/v2\/posts\/18802\/revisions"}],"predecessor-version":[{"id":18814,"href":"https:\/\/emisora.univalle.edu.co\/index.php\/wp-json\/wp\/v2\/posts\/18802\/revisions\/18814"}],"wp:featuredmedia":[{"embeddable":true,"href":"https:\/\/emisora.univalle.edu.co\/index.php\/wp-json\/wp\/v2\/media\/18805"}],"wp:attachment":[{"href":"https:\/\/emisora.univalle.edu.co\/index.php\/wp-json\/wp\/v2\/media?parent=18802"}],"wp:term":[{"taxonomy":"category","embeddable":true,"href":"https:\/\/emisora.univalle.edu.co\/index.php\/wp-json\/wp\/v2\/categories?post=18802"},{"taxonomy":"post_tag","embeddable":true,"href":"https:\/\/emisora.univalle.edu.co\/index.php\/wp-json\/wp\/v2\/tags?post=18802"}],"curies":[{"name":"wp","href":"https:\/\/api.w.org\/{rel}","templated":true}]}}