{"id":18815,"date":"2017-05-25T13:48:48","date_gmt":"2017-05-25T18:48:48","guid":{"rendered":"https:\/\/emisora.univalle.edu.co\/?p=18815"},"modified":"2017-11-02T14:24:01","modified_gmt":"2017-11-02T19:24:01","slug":"estudios-politicos-abre-inscripciones-cauca","status":"publish","type":"post","link":"https:\/\/emisora.univalle.edu.co\/index.php\/estudios-politicos-abre-inscripciones-cauca\/","title":{"rendered":"Estudios pol\u00edticos, abre inscripciones en el Cauca"},"content":{"rendered":"<p>Hasta el 31 de mayo est\u00e1n abiertas las inscripciones para el Programa Acad\u00e9mico de Profesional en Estudios Pol\u00edticos y Resoluci\u00f3n de Conflictos que la Universidad del Valle abre por primera vez en una sede regional, m\u00e1s exactamente en la Sede Norte del Cauca, en el Municipio de Santander de Quilichao.<\/p>\n<p>En Cali el Programa Acad\u00e9mico fue fundado hace 20 a\u00f1os con el objetivo de formar profesionales con capacidad para estudiar y comprender din\u00e1micas y conflictos p\u00fablicos<\/p>\n<p>Los egresados, como analista del entorno spocial y estudiosos de la ciencia social, podr\u00e1n desempe\u00f1arse en el \u00e1rea de pol\u00edticas p\u00fablicas, derechos humanos, docentes en la c\u00e1tedra de paz o para intervenir desde la administraci\u00f3n de lo p\u00fablico y la gesti\u00f3n social en el fortalecimiento de las instituciones y la cultura pol\u00edtica democr\u00e1tica.<\/p>\n<p>Del Programa de Profesional de Estudios Pol\u00edticos y Resoluci\u00f3n de Conflictos de la Universidad del Valle, en la sede de Cali, han egresado 15 promociones y gran parte de sus egresados se desempe\u00f1an en cargos p\u00fablicos, asesores de ONG\u00b4s o docentes universitarios.<\/p>\n<p>Las \u00e1reas curriculares del programa est\u00e1n dirigidas a alcanzar una s\u00f3lida formaci\u00f3n para la compresi\u00f3n e interpretaci\u00f3n desde una perspectiva pol\u00edtica de los conflictos en distintos \u00e1mbitos sociales.<\/p>\n<p>Fuente: <a href=\"http:\/\/www.univalle.edu.co\/lo-que-pasa-en-la-u\/estudios-politicos-abre-inscripciones-en-el-cauca\/#\">Agencia de Noticias Univalle<\/a><\/p>\n","protected":false},"excerpt":{"rendered":"<p>Hasta el 31 de mayo est\u00e1n abiertas las inscripciones para el Programa Acad\u00e9mico de Profesional en Estudios Pol\u00edticos y Resoluci\u00f3n de Conflictos que la Universidad del Valle abre por primera vez en una sede regional, m\u00e1s exactamente en la Sede Norte del Cauca, en el Municipio de Santander de Quilichao.[&#8230;]<\/p>\n","protected":false},"author":1,"featured_media":18807,"comment_status":"open","ping_status":"open","sticky":false,"template":"","format":"standard","meta":{"footnotes":""},"categories":[4],"tags":[],"_links":{"self":[{"href":"https:\/\/emisora.univalle.edu.co\/index.php\/wp-json\/wp\/v2\/posts\/18815"}],"collection":[{"href":"https:\/\/emisora.univalle.edu.co\/index.php\/wp-json\/wp\/v2\/posts"}],"about":[{"href":"https:\/\/emisora.univalle.edu.co\/index.php\/wp-json\/wp\/v2\/types\/post"}],"author":[{"embeddable":true,"href":"https:\/\/emisora.univalle.edu.co\/index.php\/wp-json\/wp\/v2\/users\/1"}],"replies":[{"embeddable":true,"href":"https:\/\/emisora.univalle.edu.co\/index.php\/wp-json\/wp\/v2\/comments?post=18815"}],"version-history":[{"count":2,"href":"https:\/\/emisora.univalle.edu.co\/index.php\/wp-json\/wp\/v2\/posts\/18815\/revisions"}],"predecessor-version":[{"id":18817,"href":"https:\/\/emisora.univalle.edu.co\/index.php\/wp-json\/wp\/v2\/posts\/18815\/revisions\/18817"}],"wp:featuredmedia":[{"embeddable":true,"href":"https:\/\/emisora.univalle.edu.co\/index.php\/wp-json\/wp\/v2\/media\/18807"}],"wp:attachment":[{"href":"https:\/\/emisora.univalle.edu.co\/index.php\/wp-json\/wp\/v2\/media?parent=18815"}],"wp:term":[{"taxonomy":"category","embeddable":true,"href":"https:\/\/emisora.univalle.edu.co\/index.php\/wp-json\/wp\/v2\/categories?post=18815"},{"taxonomy":"post_tag","embeddable":true,"href":"https:\/\/emisora.univalle.edu.co\/index.php\/wp-json\/wp\/v2\/tags?post=18815"}],"curies":[{"name":"wp","href":"https:\/\/api.w.org\/{rel}","templated":true}]}}