{"id":18820,"date":"2017-05-25T13:51:48","date_gmt":"2017-05-25T18:51:48","guid":{"rendered":"https:\/\/emisora.univalle.edu.co\/?p=18820"},"modified":"2017-11-02T14:23:46","modified_gmt":"2017-11-02T19:23:46","slug":"la-guitarra-acompanamiento-ritmos-armonias-la-musica-latinoamericana","status":"publish","type":"post","link":"https:\/\/emisora.univalle.edu.co\/index.php\/la-guitarra-acompanamiento-ritmos-armonias-la-musica-latinoamericana\/","title":{"rendered":"La guitarra en el acompa\u00f1amiento: ritmos y armon\u00edas en la m\u00fasica latinoamericana"},"content":{"rendered":"<p><a href=\"https:\/\/emisora.univalle.edu.co\/encuentro-regional-universitario-la-cancion\/la-guitarra\/\" rel=\"attachment wp-att-18809\"><img loading=\"lazy\" decoding=\"async\" class=\"alignleft size-full wp-image-18809\" src=\"https:\/\/emisora.univalle.edu.co\/wp-content\/uploads\/2017\/05\/la-guitarra.jpg\" alt=\"la-guitarra\" width=\"400\" height=\"618\" srcset=\"https:\/\/emisora.univalle.edu.co\/wp-content\/uploads\/2017\/05\/la-guitarra.jpg 400w, https:\/\/emisora.univalle.edu.co\/wp-content\/uploads\/2017\/05\/la-guitarra-194x300.jpg 194w\" sizes=\"(max-width: 400px) 100vw, 400px\" \/><\/a>El concierto &#8216;La guitarra en el acompa\u00f1amiento: ritmos y armon\u00edas en la m\u00fasica latinoamericana&#8217; ser\u00e1 a cabo el viernes 26 de mayo en el Auditorio Carlos Restrepo- edificio 316 del Campus de Mel\u00e9ndez, a las 4.00 p.m.<\/p>\n<p>Este concierto hace parte del proyecto de investigaci\u00f3n y creaci\u00f3n art\u00edstica \u201cGuitarra: armon\u00eda y ritmos. Articulaci\u00f3n sistem\u00e1tica de los distintos componentes del acompa\u00f1amiento\u201d, que adelanta el docente de la Escuela de M\u00fasica de la Universidad del Valle, Carlos Arturo Torres.<\/p>\n<p>Este proyecto tiene como objetivo integrar, en una propuesta pedag\u00f3gica, los elementos r\u00edtmicos y arm\u00f3nicos involucrados en la guitarra de acompa\u00f1amiento con un repertorio de canciones latinoamericanas.<\/p>\n<p>Bajo la direcci\u00f3n del Profesor Torres, el evento contar\u00e1 con la participaci\u00f3n de Santiago L\u00f3pez en la flauta; Santiago Torres y Juan Sebasti\u00e1n V\u00e9lez en la guitarra; M\u00f3nica Castro en el vibr\u00e1fono; Fabi\u00e1n Garc\u00eda en la percusi\u00f3n; David Torres al viol\u00edn; C\u00e9sar Mac\u00edas en la bandola; Carlos Gonz\u00e1lez al tiple y las voces de Clara In\u00e9s Iglesias y Juan Sebasti\u00e1n V\u00e9lez.<\/p>\n<p>El proyecto de investigaci\u00f3n tuvo una duraci\u00f3n de 18 meses, del cual se derivan tres productos: el libro \u201cGuitarra: armon\u00eda y ritmos\u00bb, que ser\u00e1 publicado por el Programa Editorial de la Universidad, un taller de armon\u00eda y ritmos para la guitarra y este concierto.<\/p>\n<p>El profesor Carlos Arturo Torres Betancourt es egresado del Conservatorio Antonio Mar\u00eda Valencia del Instituto departamental de Bellas Artes y se ha desempe\u00f1ado como docente de guitarra en esta instituci\u00f3n y en el Instituto Popular de Cultura. Su experiencia como guitarrista abarca presentaciones como solista y en agrupaciones musicales de diferentes formatos, adem\u00e1s de su participaci\u00f3n en numerosas grabaciones discogr\u00e1ficas.<\/p>\n<p>Fuente: <a href=\"http:\/\/www.univalle.edu.co\/arte-y-cultura\/la-guitarra-en-el-acompanamiento-ritmos-y-armonias-en-la-musica-latinoamericana\/#\">Agencia de Noticias Univalle<\/a><\/p>\n","protected":false},"excerpt":{"rendered":"<p>El concierto &#8216;La guitarra en el acompa\u00f1amiento: ritmos y armon\u00edas en la m\u00fasica latinoamericana&#8217; ser\u00e1 a cabo el viernes 26 de mayo en el Auditorio Carlos Restrepo- edificio 316 del Campus de Mel\u00e9ndez, a las 4.00 p.m. Este concierto hace parte del proyecto de investigaci\u00f3n y creaci\u00f3n art\u00edstica \u201cGuitarra: armon\u00eda[&#8230;]<\/p>\n","protected":false},"author":1,"featured_media":18810,"comment_status":"open","ping_status":"open","sticky":false,"template":"","format":"standard","meta":{"footnotes":""},"categories":[4],"tags":[],"_links":{"self":[{"href":"https:\/\/emisora.univalle.edu.co\/index.php\/wp-json\/wp\/v2\/posts\/18820"}],"collection":[{"href":"https:\/\/emisora.univalle.edu.co\/index.php\/wp-json\/wp\/v2\/posts"}],"about":[{"href":"https:\/\/emisora.univalle.edu.co\/index.php\/wp-json\/wp\/v2\/types\/post"}],"author":[{"embeddable":true,"href":"https:\/\/emisora.univalle.edu.co\/index.php\/wp-json\/wp\/v2\/users\/1"}],"replies":[{"embeddable":true,"href":"https:\/\/emisora.univalle.edu.co\/index.php\/wp-json\/wp\/v2\/comments?post=18820"}],"version-history":[{"count":1,"href":"https:\/\/emisora.univalle.edu.co\/index.php\/wp-json\/wp\/v2\/posts\/18820\/revisions"}],"predecessor-version":[{"id":18821,"href":"https:\/\/emisora.univalle.edu.co\/index.php\/wp-json\/wp\/v2\/posts\/18820\/revisions\/18821"}],"wp:featuredmedia":[{"embeddable":true,"href":"https:\/\/emisora.univalle.edu.co\/index.php\/wp-json\/wp\/v2\/media\/18810"}],"wp:attachment":[{"href":"https:\/\/emisora.univalle.edu.co\/index.php\/wp-json\/wp\/v2\/media?parent=18820"}],"wp:term":[{"taxonomy":"category","embeddable":true,"href":"https:\/\/emisora.univalle.edu.co\/index.php\/wp-json\/wp\/v2\/categories?post=18820"},{"taxonomy":"post_tag","embeddable":true,"href":"https:\/\/emisora.univalle.edu.co\/index.php\/wp-json\/wp\/v2\/tags?post=18820"}],"curies":[{"name":"wp","href":"https:\/\/api.w.org\/{rel}","templated":true}]}}