{"id":18824,"date":"2017-05-25T13:53:54","date_gmt":"2017-05-25T18:53:54","guid":{"rendered":"https:\/\/emisora.univalle.edu.co\/?p=18824"},"modified":"2017-05-25T13:54:22","modified_gmt":"2017-05-25T18:54:22","slug":"univalle-albergo-los-indigenas-marcharon-desde-cauca","status":"publish","type":"post","link":"https:\/\/emisora.univalle.edu.co\/index.php\/univalle-albergo-los-indigenas-marcharon-desde-cauca\/","title":{"rendered":"Univalle alberg\u00f3 a los ind\u00edgenas que marcharon desde el Cauca"},"content":{"rendered":"<p>Durante 19 horas varios millares de ind\u00edgenas visitaron el Campus de Mel\u00e9ndez de la Universidad del Valle, para dirigirse posteriormente al centro de la ciudad en una multitudinaria marcha \u00abPor la Protecci\u00f3n del Territorio, la Vida y la Dignidad de los Pueblos\u00bb, liderada por la Organizaci\u00f3n Nacional Ind\u00edgena de Colombia \u2013 ONIC, y proveniente de m\u00faltiples rincones de la geograf\u00eda caucana y del Valle del Cauca, que tuvo por objetivo decirles a las autoridades y a la sociedad que las comunidades ind\u00edgenas anhelan la paz, as\u00ed como expresar su angustia, descontento y dolor porque varios de sus l\u00edderes han sido asesinados en los \u00faltimos meses.<\/p>\n<p>En Univalle, los ind\u00edgenas se reunieron para conversar sobre las necesidades y anhelos de cada uno de los pueblos que se vincularon a la marcha. Luego pudieron recuperar fuerzas despu\u00e9s de la larga caminata, alimentarse, asearse, pernoctar para, a primera hora del d\u00eda mi\u00e9rcoles, continuar su marcha hacia la Plazoleta de San Francisco.<\/p>\n<p>El Secretario General de la Universidad, recibi\u00f3 a los ind\u00edgenas marchantes en representaci\u00f3n de las directivas universitarias y present\u00f3 un mensaje de bienvenida en nombre del rector Edgar Varela Barrios.<\/p>\n<p>El profesor Castillo les dijo a los ind\u00edgenas de las comunidades yanaconas. misak, Nasa y guambiana, campesina y afros que se vincularon a la jornada, que su lucha en pro de la paz y de la defensa pac\u00edfica de sus territorios cuenta con el respaldo de la mayor parte de la sociedad colombiana y que estas comunidades representan los sectores m\u00e1s victimizados por las diversas formas de violencia que han afectado al pa\u00eds por muchas d\u00e9cadas.<\/p>\n<p>El directivo hizo un reconocimiento al cabildo ind\u00edgena universitario y a su gobernador, Manuel Tunubal\u00e1 por la manera en que esta organizaci\u00f3n coordin\u00f3 la log\u00edstica para el alojamiento de los visitantes en el campus de Mel\u00e9ndez.<\/p>\n<p>A su turno, el gobernador Tunubal\u00e1 reconoci\u00f3 el apoyo de la Universidad en estos procesos de movilizaci\u00f3n comunitaria y se\u00f1al\u00f3 que hay sectores que buscan el desorden social para despu\u00e9s instaurar el autoritarismo.<\/p>\n<p>A continuaci\u00f3n, las palabras del saludo del gobernador del cabildo ind\u00edgena universitario, Manuel Tunubal\u00e1:<\/p>\n<p>Agradecemos primero a los esp\u00edritus mayores, a los esp\u00edritus del territorio, a los esp\u00edritus de arriba, a los esp\u00edritus de abajo, a aquellos esp\u00edritus que durante miles de a\u00f1os han existido en nuestros territorios, y que han sido punto de encuentro para los pueblos Misak, el pueblo Pasto, el pueblo Nasa, el pueblo Inga, y todos los dem\u00e1s pueblos.<\/p>\n<p>Agradecemos a las directivas de la Universidad del Valle que, entendiendo el compromiso de la construcci\u00f3n de paz, nos han abierto las puertas. Aunque sabemos que esta situaci\u00f3n no siempre ha sido igual, a medida que se han afianzado estos acercamientos, a medida que nosotros nos hemos reconocido en ese principio de que la esencia de vida es de nosotros y de ustedes tambi\u00e9n, y al entender el di\u00e1logo de autoridad a autoridad, as\u00ed como lo hizo el pueblo Misak en el a\u00f1o 1985 cuando se gest\u00f3 el encuentro entre la autoridad ind\u00edgena y la autoridad de la Presidencia de la Rep\u00fablica en Santiago del Guamb\u00eda, se da apertura al di\u00e1logo de autoridad a autoridad, dando a entender as\u00ed que a medida que nosotros reconocemos la autoridad estatal, as\u00ed mismo necesitamos que se reconozcan las autoridades ind\u00edgenas como aut\u00f3nomas de sus propios territorios, raz\u00f3n por la cual, siempre hemos hablado el di\u00e1logo entre ambas partes como iguales.<\/p>\n<p>Ese es el mismo mensaje que enviamos a todas las instancias del Gobierno: que se reconozca el di\u00e1logo de autoridad a autoridad, porque cuando no se tienen en cuenta los acuerdos, cuando no se implementa adecuadamente la consulta, o se omite el consentimiento previo, es donde se ignora el reconocimiento de autoridad a autoridad, y es cuando hablamos de una relaci\u00f3n de dominaci\u00f3n y no bajo un principio de igualdad.<\/p>\n<p>El Cabildo Ind\u00edgena Universitario por m\u00e1s de 25 a\u00f1os tuvo su proceso. Integr\u00e1ndose en el nuevo contexto universitario, nuestros compa\u00f1eros tuvieron que reunirse bajo el \u00e1rbol de mango de la Biblioteca porque no hab\u00eda otro lugar en el cual se sintieran armonizados, porque toda la estructura imprim\u00eda un conocimiento de una matriz colonial de poder, en ese sentido, el Cabildo Ind\u00edgena Universitario se gesta con un reconocimiento por parte de la Universidad y es hasta ahora uno de los que lidera los procesos de lucha y resistencia, no en la forma en que la extrema derecha quisiera que fuera, porque parece que la extrema derecha quiere generar desorden en la sociedad, porque es precisamente el estado de desorden el origen del autoritarismo y de los reg\u00edmenes dictatoriales. Tal vez por eso, el plebiscito (por la paz) no le serv\u00eda a ciertos sectores de la poblaci\u00f3n, as\u00ed como tampoco les serv\u00eda el segundo pacto, es cuando vemos que se genera el desorden enmarcando otra ola de violencia.<\/p>\n<p>Por esa raz\u00f3n estamos reunidos en Minga, en movilizaci\u00f3n y en audiencia p\u00fablica con el fin de denunciar y de rechazar la persecuci\u00f3n pol\u00edtica y los asesinatos, porque la lucha y la resistencia de los pueblos ind\u00edgenas no van en la v\u00eda de responder violencia con violencia. Sabemos que nuestros mayores, nosotros mismos, y toda la comunidad en general, aquellos que hemos entendido la esencia de vida, sabemos que la defensa del territorio, la vida y la dignidad de los pueblos tiene que seguir adelante. De parte del Cabildo Ind\u00edgena Universitario, y de la comunidad ind\u00edgena universitaria, les damos la bienvenida.<\/p>\n<p>Fuente: <a href=\"http:\/\/www.univalle.edu.co\/lo-que-pasa-en-la-u\/univalle-albergo-a-los-indigenas-que-marcharon-desde-el-cauca\/#\">Agencia de Noticias Univalle<\/a><\/p>\n","protected":false},"excerpt":{"rendered":"<p>Durante 19 horas varios millares de ind\u00edgenas visitaron el Campus de Mel\u00e9ndez de la Universidad del Valle, para dirigirse posteriormente al centro de la ciudad en una multitudinaria marcha \u00abPor la Protecci\u00f3n del Territorio, la Vida y la Dignidad de los Pueblos\u00bb, liderada por la Organizaci\u00f3n Nacional Ind\u00edgena de Colombia[&#8230;]<\/p>\n","protected":false},"author":1,"featured_media":18811,"comment_status":"open","ping_status":"open","sticky":false,"template":"","format":"standard","meta":{"footnotes":""},"categories":[4],"tags":[],"_links":{"self":[{"href":"https:\/\/emisora.univalle.edu.co\/index.php\/wp-json\/wp\/v2\/posts\/18824"}],"collection":[{"href":"https:\/\/emisora.univalle.edu.co\/index.php\/wp-json\/wp\/v2\/posts"}],"about":[{"href":"https:\/\/emisora.univalle.edu.co\/index.php\/wp-json\/wp\/v2\/types\/post"}],"author":[{"embeddable":true,"href":"https:\/\/emisora.univalle.edu.co\/index.php\/wp-json\/wp\/v2\/users\/1"}],"replies":[{"embeddable":true,"href":"https:\/\/emisora.univalle.edu.co\/index.php\/wp-json\/wp\/v2\/comments?post=18824"}],"version-history":[{"count":2,"href":"https:\/\/emisora.univalle.edu.co\/index.php\/wp-json\/wp\/v2\/posts\/18824\/revisions"}],"predecessor-version":[{"id":18826,"href":"https:\/\/emisora.univalle.edu.co\/index.php\/wp-json\/wp\/v2\/posts\/18824\/revisions\/18826"}],"wp:featuredmedia":[{"embeddable":true,"href":"https:\/\/emisora.univalle.edu.co\/index.php\/wp-json\/wp\/v2\/media\/18811"}],"wp:attachment":[{"href":"https:\/\/emisora.univalle.edu.co\/index.php\/wp-json\/wp\/v2\/media?parent=18824"}],"wp:term":[{"taxonomy":"category","embeddable":true,"href":"https:\/\/emisora.univalle.edu.co\/index.php\/wp-json\/wp\/v2\/categories?post=18824"},{"taxonomy":"post_tag","embeddable":true,"href":"https:\/\/emisora.univalle.edu.co\/index.php\/wp-json\/wp\/v2\/tags?post=18824"}],"curies":[{"name":"wp","href":"https:\/\/api.w.org\/{rel}","templated":true}]}}