{"id":18827,"date":"2017-05-25T13:55:42","date_gmt":"2017-05-25T18:55:42","guid":{"rendered":"https:\/\/emisora.univalle.edu.co\/?p=18827"},"modified":"2017-11-02T14:23:15","modified_gmt":"2017-11-02T19:23:15","slug":"la-calidad-la-gestion-organizacional-colombia","status":"publish","type":"post","link":"https:\/\/emisora.univalle.edu.co\/index.php\/la-calidad-la-gestion-organizacional-colombia\/","title":{"rendered":"La calidad de la gesti\u00f3n organizacional para Colombia"},"content":{"rendered":"<p><strong><em>\u00a0\u201cUna empresa o persona debe proponerse metas no alcanzables para volverlas realidad\u201d.<\/em><\/strong><\/p>\n<p>Si las organizaciones se ponen metas alcanzables, ya saben de antemano cu\u00e1les son los caminos que deben recorren para su cumplimiento. Mientras que si es al contrario, no sabe qu\u00e9 debe hacerse para lograr esas metas no alcanzables y requerir\u00e1 pensar otras estrategias que no est\u00e1n contempladas, logrando as\u00ed una innovaci\u00f3n en el modo de pensar.<\/p>\n<p>Estas fueron afirmaciones del ingeniero industrial Luis Emilio Vel\u00e1squez, invitado a dar la conferencia de lanzamiento de la nueva Maestr\u00eda en Calidad para la Gesti\u00f3n de las Organizaciones de la Facultad de Ciencias de la Administraci\u00f3n de la Universidad del Valle.<\/p>\n<p>El lanzamiento se realiz\u00f3 este mi\u00e9rcoles 24 de mayo, a las 6:00 pm, en el Auditorio Diego Delgadillo, Campus de San Fernando.<\/p>\n<p>El ingeniero Vel\u00e1squez se\u00f1al\u00f3 que \u201cLas organizaciones deben ser m\u00e1s inteligentes que los grupos de inter\u00e9s a los que atienden y para los que crean valor\u201d.<\/p>\n<p>Luego explic\u00f3 que seg\u00fan la Encuesta Mundial de Gesti\u00f3n, realizada por la London School of Economics y el Banco Mundial, que mide de manera sistem\u00e1tica la calidad de la pr\u00e1ctica de la gesti\u00f3n y que incluye a cinco pa\u00edses latinoamericanos, Colombia ocupa el \u00faltimo lugar de los pa\u00edses analizados. Esto indica, seg\u00fan Vel\u00e1squez, que \u201cEn Colombia la calidad de la gerencia es mala, pero los gerentes piensan que es buena\u201d.<\/p>\n<p>Es por eso que son necesarios los programas que permiten mejorar la formaci\u00f3n de los dirigentes de las medianas y grandes empresas y que contemplen, adem\u00e1s, a la calidad como un eje transversal de la gesti\u00f3n organizacional.<\/p>\n<p>Seg\u00fan lo expuesto por el conferencista, en Colombia se requiere replantear la pol\u00edtica p\u00fablica sobre desarrollo empresarial, repensar el papel de las universidades y la actuaci\u00f3n de los gremios, c\u00e1maras de comercio y cajas de compensaci\u00f3n familiar.<\/p>\n<p>Luis Emilio Vel\u00e1squez es ingeniero industrial de la Universidad Nacional de Colombia, Sede Medell\u00edn; especialista en \u201cAdministraci\u00f3n de la Producci\u00f3n Industrial\u201d \u2013 Fundaci\u00f3n Carl Duisberg Gesellschaft -Alemania. Con experiencia en la orientaci\u00f3n estrat\u00e9gica de organizaciones y proyectos de alto impacto para el pa\u00eds, con \u00e9nfasis en desarrollo de innovaci\u00f3n para la competitividad y la sostenibilidad de organizaciones, sectores y regiones.<\/p>\n<p>El profesor Vel\u00e1squez es representante de Colombia en redes internacionales de excelencia e innovaci\u00f3n. Ide\u00f3logo y creador de Premio Colombiano a la Calidad de la Gesti\u00f3n, Premio Nacional a la Excelencia y la Innovaci\u00f3n en Gesti\u00f3n, Premios Sectoriales y Regionales de Excelencia en la Gesti\u00f3n. Representante de Colombia en el Jurado Internacional del Premio Iberoamericano a la Calidad. Representante de Colombia en la Red Iberoamericana de Excelencia en la Gesti\u00f3n \u2013 REDIBEX (1998 \u2013 2014) y Coordinador (2008-2010).<\/p>\n<p>En el lanzamiento de la Maestr\u00eda se realiz\u00f3 un homenaje a los profesores Leonel Leal y Carlos Alberto Franco, fundadores de la Especializaci\u00f3n en Administraci\u00f3n Total de la Calidad y la Productividad, programa base desde el cual se gest\u00f3 este nuevo posgrado. As\u00ed mismo, se hizo un reconocimiento a la primera promoci\u00f3n de la Especializaci\u00f3n por sus 23 a\u00f1os de graduados.<\/p>\n<p>La Maestr\u00eda en Calidad para la Gesti\u00f3n de las Organizaciones es un programa que responde a las necesidades y exigencias de mercado contempladas en la Agenda Nacional de Competitividad e Innovaci\u00f3n del pa\u00eds, incluidas en el actual Plan Nacional de Desarrollo. Recoge la experiencia del Valle del Cauca y el Suroccidente colombiano en la inserci\u00f3n de la Filosof\u00eda de la Calidad en las organizaciones, al reconocer el liderazgo e iniciaci\u00f3n en Colombia del movimiento de la Calidad, a trav\u00e9s de empresas como: Carvajal, Banco de Occidente, Ingenio Manuelita, Rica Rondo e Icollantas.<\/p>\n<p>Fuente: <a href=\"http:\/\/www.univalle.edu.co\/lo-que-pasa-en-la-u\/calidad-gestion-organizacional-colombia\/#\">Agencia de Noticias Univalle<\/a><\/p>\n","protected":false},"excerpt":{"rendered":"<p>\u00a0\u201cUna empresa o persona debe proponerse metas no alcanzables para volverlas realidad\u201d. Si las organizaciones se ponen metas alcanzables, ya saben de antemano cu\u00e1les son los caminos que deben recorren para su cumplimiento. Mientras que si es al contrario, no sabe qu\u00e9 debe hacerse para lograr esas metas no alcanzables[&#8230;]<\/p>\n","protected":false},"author":1,"featured_media":18803,"comment_status":"open","ping_status":"open","sticky":false,"template":"","format":"standard","meta":{"footnotes":""},"categories":[4],"tags":[],"_links":{"self":[{"href":"https:\/\/emisora.univalle.edu.co\/index.php\/wp-json\/wp\/v2\/posts\/18827"}],"collection":[{"href":"https:\/\/emisora.univalle.edu.co\/index.php\/wp-json\/wp\/v2\/posts"}],"about":[{"href":"https:\/\/emisora.univalle.edu.co\/index.php\/wp-json\/wp\/v2\/types\/post"}],"author":[{"embeddable":true,"href":"https:\/\/emisora.univalle.edu.co\/index.php\/wp-json\/wp\/v2\/users\/1"}],"replies":[{"embeddable":true,"href":"https:\/\/emisora.univalle.edu.co\/index.php\/wp-json\/wp\/v2\/comments?post=18827"}],"version-history":[{"count":1,"href":"https:\/\/emisora.univalle.edu.co\/index.php\/wp-json\/wp\/v2\/posts\/18827\/revisions"}],"predecessor-version":[{"id":18828,"href":"https:\/\/emisora.univalle.edu.co\/index.php\/wp-json\/wp\/v2\/posts\/18827\/revisions\/18828"}],"wp:featuredmedia":[{"embeddable":true,"href":"https:\/\/emisora.univalle.edu.co\/index.php\/wp-json\/wp\/v2\/media\/18803"}],"wp:attachment":[{"href":"https:\/\/emisora.univalle.edu.co\/index.php\/wp-json\/wp\/v2\/media?parent=18827"}],"wp:term":[{"taxonomy":"category","embeddable":true,"href":"https:\/\/emisora.univalle.edu.co\/index.php\/wp-json\/wp\/v2\/categories?post=18827"},{"taxonomy":"post_tag","embeddable":true,"href":"https:\/\/emisora.univalle.edu.co\/index.php\/wp-json\/wp\/v2\/tags?post=18827"}],"curies":[{"name":"wp","href":"https:\/\/api.w.org\/{rel}","templated":true}]}}