{"id":18841,"date":"2017-05-26T14:39:38","date_gmt":"2017-05-26T19:39:38","guid":{"rendered":"https:\/\/emisora.univalle.edu.co\/?p=18841"},"modified":"2017-11-02T14:23:21","modified_gmt":"2017-11-02T19:23:21","slug":"debemos-poner-las-memorias-individuales-del-conflicto-la-memoria-colectiva","status":"publish","type":"post","link":"https:\/\/emisora.univalle.edu.co\/index.php\/debemos-poner-las-memorias-individuales-del-conflicto-la-memoria-colectiva\/","title":{"rendered":"Debemos poner las memorias individuales del conflicto en la memoria colectiva"},"content":{"rendered":"<p>El lanzamiento de la d\u00e9cimo sexta edici\u00f3n de la Revista Ciudad Vaga, elaborada por los estudiantes de la Escuela de Comunicaci\u00f3n Social de la Universidad del Valle, se realiz\u00f3 este 24 de mayo de 2017. En ella docentes, estudiantes y egresados visibilizan historias, personajes y situaciones que a diario batallan en esos espacios urbanos y rurales de nuestro pa\u00eds.<\/p>\n<p>Esta la 16 edici\u00f3n cuenta con relatos, cr\u00f3nicas y reportajes; tambi\u00e9n ensayos fotogr\u00e1ficos y foto reportajes dedicados al tema del posconflicto, sin dejar de lado problem\u00e1ticas actuales de la ciudad como la violencia, el trabajo informal, la financiaci\u00f3n de la educaci\u00f3n superior y la inexistencia de servicios b\u00e1sicos (acueducto) en varios sectores del pa\u00eds.<\/p>\n<p>Durante el evento, el director de la Revista y profesor de la Escuela de Comunicaci\u00f3n Social, Kevin Garc\u00eda, enfatiz\u00f3 en la necesidad de poner las memorias individuales del conflicto dentro de la memoria colectiva, y mencion\u00f3 que no basta con que las sociedades deleguen el acto de construir memoria, a la organizaci\u00f3n de un archivo o realizaci\u00f3n de monumentos.<\/p>\n<p>Como invitado al lanzamiento, estuvo el periodista Jos\u00e9 Gregorio P\u00e9rez, quien public\u00f3 en esta edici\u00f3n el reportaje titulado \u201clas mujeres de la mesa viv\u00edamos un infierno\u201d un relato en el que convergen las historias de cinco mujeres que fueron v\u00edctimas de abuso sexual por parte de paramilitares.<\/p>\n<p>Durante su discurso, P\u00e9rez habl\u00f3 sobre la trivializaci\u00f3n constante del discurso p\u00fablico en nuestro pa\u00eds, el cual pasa por las versiones, las interpretaciones, los puntos de vista y las opiniones de los pol\u00edticos y los bur\u00f3cratas del poder, dejando a la poblaci\u00f3n silenciada. \u201cColombia a\u00fan no se encuentra ni siquiera en posconflicto. Este pa\u00eds todav\u00eda sigue en conflicto y a\u00fan hay muchas historias que es necesario abordar\u201d<\/p>\n<p>Sobre la revista Ciudad Vaga destac\u00f3 que es una experiencia social y de comunicaci\u00f3n, que se enfrenta a todas esas versiones que diariamente llegan a trav\u00e9s de los medios de comunicaci\u00f3n convencionales. \u201cEs una muestra de que el pa\u00eds se puede narrar con la gente y desde la gente. Aquella que no cuenta en las decisiones pol\u00edticas, econ\u00f3micas y sociales\u201d.<\/p>\n<p>Jos\u00e9 Gregorio P\u00e9rez, es un periodista cale\u00f1o, egresado de la Universidad del Valle en pregrado, ganador de tres Premios de Periodismo Sim\u00f3n Bol\u00edvar. Es Magister en Comunicaci\u00f3n y especializado en periodismo de conflictos. Con m\u00e1s de 25 a\u00f1os de trayectoria profesional, ha trabajado en prensa para el peri\u00f3dico El Pa\u00eds y El Tiempo, y en televisi\u00f3n para el Noticiero TVHOY, el Noticiero CM&amp; y RCN Televisi\u00f3n.<\/p>\n<p>Fuente: <a href=\"http:\/\/www.univalle.edu.co\/arte-y-cultura\/debemos-poner-las-memorias-individuales-del-conflicto-en-la-memoria-colectiva\/#\">Agencia de Noticias Univalle<\/a><\/p>\n","protected":false},"excerpt":{"rendered":"<p>El lanzamiento de la d\u00e9cimo sexta edici\u00f3n de la Revista Ciudad Vaga, elaborada por los estudiantes de la Escuela de Comunicaci\u00f3n Social de la Universidad del Valle, se realiz\u00f3 este 24 de mayo de 2017. En ella docentes, estudiantes y egresados visibilizan historias, personajes y situaciones que a diario batallan[&#8230;]<\/p>\n","protected":false},"author":1,"featured_media":18836,"comment_status":"open","ping_status":"open","sticky":false,"template":"","format":"standard","meta":{"footnotes":""},"categories":[4],"tags":[],"_links":{"self":[{"href":"https:\/\/emisora.univalle.edu.co\/index.php\/wp-json\/wp\/v2\/posts\/18841"}],"collection":[{"href":"https:\/\/emisora.univalle.edu.co\/index.php\/wp-json\/wp\/v2\/posts"}],"about":[{"href":"https:\/\/emisora.univalle.edu.co\/index.php\/wp-json\/wp\/v2\/types\/post"}],"author":[{"embeddable":true,"href":"https:\/\/emisora.univalle.edu.co\/index.php\/wp-json\/wp\/v2\/users\/1"}],"replies":[{"embeddable":true,"href":"https:\/\/emisora.univalle.edu.co\/index.php\/wp-json\/wp\/v2\/comments?post=18841"}],"version-history":[{"count":1,"href":"https:\/\/emisora.univalle.edu.co\/index.php\/wp-json\/wp\/v2\/posts\/18841\/revisions"}],"predecessor-version":[{"id":18842,"href":"https:\/\/emisora.univalle.edu.co\/index.php\/wp-json\/wp\/v2\/posts\/18841\/revisions\/18842"}],"wp:featuredmedia":[{"embeddable":true,"href":"https:\/\/emisora.univalle.edu.co\/index.php\/wp-json\/wp\/v2\/media\/18836"}],"wp:attachment":[{"href":"https:\/\/emisora.univalle.edu.co\/index.php\/wp-json\/wp\/v2\/media?parent=18841"}],"wp:term":[{"taxonomy":"category","embeddable":true,"href":"https:\/\/emisora.univalle.edu.co\/index.php\/wp-json\/wp\/v2\/categories?post=18841"},{"taxonomy":"post_tag","embeddable":true,"href":"https:\/\/emisora.univalle.edu.co\/index.php\/wp-json\/wp\/v2\/tags?post=18841"}],"curies":[{"name":"wp","href":"https:\/\/api.w.org\/{rel}","templated":true}]}}