{"id":18847,"date":"2017-05-26T14:44:01","date_gmt":"2017-05-26T19:44:01","guid":{"rendered":"https:\/\/emisora.univalle.edu.co\/?p=18847"},"modified":"2017-11-02T14:22:53","modified_gmt":"2017-11-02T19:22:53","slug":"univalle-gana-festival-la-cancion","status":"publish","type":"post","link":"https:\/\/emisora.univalle.edu.co\/index.php\/univalle-gana-festival-la-cancion\/","title":{"rendered":"Univalle gana en Festival de la Canci\u00f3n"},"content":{"rendered":"<p>El estudiante del programa Acad\u00e9mico de Administraci\u00f3n de Empresas de la Universidad el Valle, sede Cartago, Santiago Muriel Giraldo, gan\u00f3 el Festival Regional de la canci\u00f3n, en la modalidad int\u00e9rprete masculino.<\/p>\n<p>El ganador del Festival regional adquiere el derecho a representar a las universidades del suroccidente en el evento nacional que se realizar\u00e1 el segundo semestre del 2017.<\/p>\n<p>El Festival Regional, realizado en la Universidad ICESI, cont\u00f3 con la participaci\u00f3n de representantes de la Universidad del Valle, de la San Buenaventura, Libre de Cali, Javeriana, Escuela Nacional del Deporte y Aut\u00f3noma de Occidente, entre otras.<\/p>\n<p><a href=\"https:\/\/emisora.univalle.edu.co\/semblanza-los-profesores-leonel-leal-cardozo-carlos-alberto-franco\/univalle-gana1\/\" rel=\"attachment wp-att-18839\"><img loading=\"lazy\" decoding=\"async\" class=\"alignleft size-full wp-image-18839\" src=\"https:\/\/emisora.univalle.edu.co\/wp-content\/uploads\/2017\/05\/univalle-gana1.jpg\" alt=\"univalle-gana1\" width=\"389\" height=\"549\" srcset=\"https:\/\/emisora.univalle.edu.co\/wp-content\/uploads\/2017\/05\/univalle-gana1.jpg 389w, https:\/\/emisora.univalle.edu.co\/wp-content\/uploads\/2017\/05\/univalle-gana1-213x300.jpg 213w\" sizes=\"(max-width: 389px) 100vw, 389px\" \/><\/a>El Festival regional se realiz\u00f3 en tres modalidades. En la modalidad int\u00e9rprete masculino, int\u00e9rprete femenina y canci\u00f3n in\u00e9dita.<\/p>\n<p>Por la Universidad del Valle tambi\u00e9n participaron Paula Cristina Mart\u00ednez Wilche del Programa Acad\u00e9mico de Tecnolog\u00eda en Atenci\u00f3n Prehospitalaria y Michael Estiven G\u00f3mez Mej\u00eda, estudiante de Administraci\u00f3n de Empresas de la Sede Cartago, en la modalidad canci\u00f3n in\u00e9dita.<\/p>\n<p>Los tres representantes fueron seleccionados durante el X Encuentro Univalluno de la Canci\u00f3n, que se llev\u00f3 a cabo el 31 de marzo.<\/p>\n<p>Para Paula Cristina Mart\u00ednez Wilche es importante que las universidades otorguen otras posibilidades de formaci\u00f3n que vayan m\u00e1s all\u00e1 de las propias de la carrera. Es necesario que las universidades ofrezcan la posibilidad de que los estudiantes se formen en alguna expresi\u00f3n art\u00edstica como la m\u00fasica, el teatro o la pintura.<\/p>\n<p>Durante el Festival Regional los estudiantes interpretaron baladas, vallenatos y otros g\u00e9neros como blues.<\/p>\n<p>Muchos de los cantantes que concursaron en la modalidad canci\u00f3n in\u00e9dita, manifestaron que la musa que los inspir\u00f3 para escribir sus canciones, fueron los \u00b4amores fracasados\u00b4.<\/p>\n<p>De izquierda a Derecha: Michael Estiven G\u00f3mez Mej\u00eda, estudiante de Administraci\u00f3n de Empresas de la Sede Cartago;Paula Cristina Mart\u00ednez Wilche del Programa Acad\u00e9mico de Tecnolog\u00eda en Atenci\u00f3n Prehospitalaria; Santiago Muriel Giraldo, estudiante de Administraci\u00f3n de Empresas de la Universidad el Valle, sede Cartago.<\/p>\n<p><a href=\"https:\/\/www.facebook.com\/universidaddelvalle\/posts\/10155444581584235\">Ver m\u00e1s fotos&#8230;<\/a><\/p>\n<p>Fuente: <a href=\"http:\/\/www.univalle.edu.co\/arte-y-cultura\/univalle-gana-en-festival-de-la-cancion\/#\">Agencia de Noticias Univalle<\/a><\/p>\n","protected":false},"excerpt":{"rendered":"<p>El estudiante del programa Acad\u00e9mico de Administraci\u00f3n de Empresas de la Universidad el Valle, sede Cartago, Santiago Muriel Giraldo, gan\u00f3 el Festival Regional de la canci\u00f3n, en la modalidad int\u00e9rprete masculino. El ganador del Festival regional adquiere el derecho a representar a las universidades del suroccidente en el evento nacional[&#8230;]<\/p>\n","protected":false},"author":1,"featured_media":18838,"comment_status":"open","ping_status":"open","sticky":false,"template":"","format":"standard","meta":{"footnotes":""},"categories":[4],"tags":[],"_links":{"self":[{"href":"https:\/\/emisora.univalle.edu.co\/index.php\/wp-json\/wp\/v2\/posts\/18847"}],"collection":[{"href":"https:\/\/emisora.univalle.edu.co\/index.php\/wp-json\/wp\/v2\/posts"}],"about":[{"href":"https:\/\/emisora.univalle.edu.co\/index.php\/wp-json\/wp\/v2\/types\/post"}],"author":[{"embeddable":true,"href":"https:\/\/emisora.univalle.edu.co\/index.php\/wp-json\/wp\/v2\/users\/1"}],"replies":[{"embeddable":true,"href":"https:\/\/emisora.univalle.edu.co\/index.php\/wp-json\/wp\/v2\/comments?post=18847"}],"version-history":[{"count":2,"href":"https:\/\/emisora.univalle.edu.co\/index.php\/wp-json\/wp\/v2\/posts\/18847\/revisions"}],"predecessor-version":[{"id":18859,"href":"https:\/\/emisora.univalle.edu.co\/index.php\/wp-json\/wp\/v2\/posts\/18847\/revisions\/18859"}],"wp:featuredmedia":[{"embeddable":true,"href":"https:\/\/emisora.univalle.edu.co\/index.php\/wp-json\/wp\/v2\/media\/18838"}],"wp:attachment":[{"href":"https:\/\/emisora.univalle.edu.co\/index.php\/wp-json\/wp\/v2\/media?parent=18847"}],"wp:term":[{"taxonomy":"category","embeddable":true,"href":"https:\/\/emisora.univalle.edu.co\/index.php\/wp-json\/wp\/v2\/categories?post=18847"},{"taxonomy":"post_tag","embeddable":true,"href":"https:\/\/emisora.univalle.edu.co\/index.php\/wp-json\/wp\/v2\/tags?post=18847"}],"curies":[{"name":"wp","href":"https:\/\/api.w.org\/{rel}","templated":true}]}}