{"id":18849,"date":"2017-05-26T14:44:56","date_gmt":"2017-05-26T19:44:56","guid":{"rendered":"https:\/\/emisora.univalle.edu.co\/?p=18849"},"modified":"2017-11-02T14:22:47","modified_gmt":"2017-11-02T19:22:47","slug":"buenaventura-empobrecimiento-la-resistencia","status":"publish","type":"post","link":"https:\/\/emisora.univalle.edu.co\/index.php\/buenaventura-empobrecimiento-la-resistencia\/","title":{"rendered":"Buenaventura, entre el empobrecimiento y la resistencia"},"content":{"rendered":"<p>Las condiciones hist\u00f3ricas que han vivido los habitantes del puerto de Buenaventura, el empobrecimiento de ciertos sectores y la poca inversi\u00f3n industrial, son factores que, para el profesor Mario Romero Vergara del Departamento de Historia de la Universidad del Valle, explican el paro c\u00edvico que lleva m\u00e1s de diez d\u00edas en ese municipio.<\/p>\n<p>Sin embargo, esto no es justificaci\u00f3n para los problemas de orden p\u00fablico, violencia y saqueos que se han presentado, aclara el docente.<\/p>\n<p>\u201cEs una miseria que les han creado, no se la cre\u00f3 la misma gente, fueron otros. Es una miseria que se ha impuesto hist\u00f3ricamente\u201d, menciona el docente, explica el profesor Romero Vergara quien es licenciado y magister en Historia en la Universidad del Valle y doctor (Ph.D) en Historia en la Universidad de Huelva \u2013Espa\u00f1a.<\/p>\n<p>\u201cHan estado desprovistos de una gobernanza que acoja las necesidades de la gente y resuelva sus problemas. No ha habido una gobernanza que asuma esos retos de poner esa regi\u00f3n en condiciones dignas, sino que, por el contrario, se han aprovechado para saquear \u00bfAs\u00ed c\u00f3mo va a actuar una sociedad?\u201d, se\u00f1ala el investigador, experto en sociedades afrocolombianas, quien ha participado como conferencista en congresos internacionales que le dan el reconocimiento como un estudioso que ha aportado significativamente en la historia colombiana.<\/p>\n<p>Aunque el puerto es una zona a la que llegan muchos insumos y suministros, las empresas e industrias se establecen en Cali, Medell\u00edn y Bogot\u00e1, por tanto, no hay una inversi\u00f3n en industrias que procesen y manufacturen el material que all\u00ed llega. Esto afecta las condiciones de empleo de los habitantes, as\u00ed como la salud, la educaci\u00f3n y toda una cadena de elementos relacionados.<\/p>\n<p>El profesor Romero Vergara se\u00f1ala que, como es el caso de Guayaquil, que industrialmente es m\u00e1s importante que Quito en Ecuador, o como algunas ciudades costeras de Chile, en los puertos hay empresas que se han asentado, generando mejores condiciones para los habitantes.<\/p>\n<p>Los pobladores de esa regi\u00f3n no acceden a toda la riqueza y potencial de los recursos que tienen alrededor, a lo que se suma la explotaci\u00f3n a la que son sometidos y a las dificultades de acceso a servicios de salud, acueducto, educaci\u00f3n, entre otros, de ah\u00ed su descontento.<\/p>\n<p>Frente a este panorama, existen l\u00edderes y organizaciones que se han formado para resolver los problemas, actuar con la gente, buscando el respeto de los derechos, convivencia y el desarrollo econ\u00f3mico de Buenaventura.<\/p>\n<p>\u201cSi toda la gente supiera su historia, entender\u00eda que su vida ha sido la de una resistencia a unos condicionantes de miseria\u201d<\/p>\n<p>La historia de las comunidades afrodescendientes en el Pac\u00edfico se mueve entre el empobrecimiento, entendido como la acci\u00f3n consciente de agentes externos que llevan a la miseria a la poblaci\u00f3n, que extraen sus recursos, los explotan y someten, y la resistencia, la esperanza de un cambio, la resistencia a esas condiciones hist\u00f3ricas.<\/p>\n<p>Fuente: Agencia de Noticias Univalle<\/p>\n","protected":false},"excerpt":{"rendered":"<p>Las condiciones hist\u00f3ricas que han vivido los habitantes del puerto de Buenaventura, el empobrecimiento de ciertos sectores y la poca inversi\u00f3n industrial, son factores que, para el profesor Mario Romero Vergara del Departamento de Historia de la Universidad del Valle, explican el paro c\u00edvico que lleva m\u00e1s de diez d\u00edas[&#8230;]<\/p>\n","protected":false},"author":1,"featured_media":18834,"comment_status":"open","ping_status":"open","sticky":false,"template":"","format":"standard","meta":{"footnotes":""},"categories":[4],"tags":[],"_links":{"self":[{"href":"https:\/\/emisora.univalle.edu.co\/index.php\/wp-json\/wp\/v2\/posts\/18849"}],"collection":[{"href":"https:\/\/emisora.univalle.edu.co\/index.php\/wp-json\/wp\/v2\/posts"}],"about":[{"href":"https:\/\/emisora.univalle.edu.co\/index.php\/wp-json\/wp\/v2\/types\/post"}],"author":[{"embeddable":true,"href":"https:\/\/emisora.univalle.edu.co\/index.php\/wp-json\/wp\/v2\/users\/1"}],"replies":[{"embeddable":true,"href":"https:\/\/emisora.univalle.edu.co\/index.php\/wp-json\/wp\/v2\/comments?post=18849"}],"version-history":[{"count":1,"href":"https:\/\/emisora.univalle.edu.co\/index.php\/wp-json\/wp\/v2\/posts\/18849\/revisions"}],"predecessor-version":[{"id":18850,"href":"https:\/\/emisora.univalle.edu.co\/index.php\/wp-json\/wp\/v2\/posts\/18849\/revisions\/18850"}],"wp:featuredmedia":[{"embeddable":true,"href":"https:\/\/emisora.univalle.edu.co\/index.php\/wp-json\/wp\/v2\/media\/18834"}],"wp:attachment":[{"href":"https:\/\/emisora.univalle.edu.co\/index.php\/wp-json\/wp\/v2\/media?parent=18849"}],"wp:term":[{"taxonomy":"category","embeddable":true,"href":"https:\/\/emisora.univalle.edu.co\/index.php\/wp-json\/wp\/v2\/categories?post=18849"},{"taxonomy":"post_tag","embeddable":true,"href":"https:\/\/emisora.univalle.edu.co\/index.php\/wp-json\/wp\/v2\/tags?post=18849"}],"curies":[{"name":"wp","href":"https:\/\/api.w.org\/{rel}","templated":true}]}}