{"id":18861,"date":"2017-05-30T09:17:54","date_gmt":"2017-05-30T14:17:54","guid":{"rendered":"https:\/\/emisora.univalle.edu.co\/?p=18861"},"modified":"2017-11-02T14:22:06","modified_gmt":"2017-11-02T19:22:06","slug":"iii-encuentro-instituciones-educacion-superior-la-plataforma-movilidad-estudiantil-academica-la-alianza-del-pacifico","status":"publish","type":"post","link":"https:\/\/emisora.univalle.edu.co\/index.php\/iii-encuentro-instituciones-educacion-superior-la-plataforma-movilidad-estudiantil-academica-la-alianza-del-pacifico\/","title":{"rendered":"III Encuentro Instituciones de Educaci\u00f3n Superior de la Plataforma de Movilidad Estudiantil y Acad\u00e9mica de la Alianza del Pac\u00edfico"},"content":{"rendered":"<p>Transferencia del conocimiento e internacionalizaci\u00f3n, pilares fundamentales para la integraci\u00f3n regional de los pa\u00edses de la Alianza del Pac\u00edfico<\/p>\n<ol>\n<li>OBJETIVO<\/li>\n<\/ol>\n<p>Fortalecer la Plataforma de Movilidad Estudiantil y Acad\u00e9mica de la Alianza del Pac\u00edfico como herramienta fundamental para la integraci\u00f3n regional, a trav\u00e9s de la generaci\u00f3n del conocimiento, la internacionalizaci\u00f3n y el intercambio de experiencias de las Instituciones de Educaci\u00f3n Superior de sus pa\u00edses miembros.<\/p>\n<ol start=\"2\">\n<li>CONTEXTO<\/li>\n<\/ol>\n<p>La integraci\u00f3n econ\u00f3mica y comercial puede nutrirse de procesos acad\u00e9micos e investigativos que generen conexiones duraderas y de largo plazo, pertinentes para el desarrollo local y regional.<\/p>\n<p>Es pertinente, entonces, fortalecer los v\u00ednculos entre la academia, los gobiernos y el sector productivo para contribuir a la consolidaci\u00f3n de la Alianza del Pac\u00edfico como una iniciativa de integraci\u00f3n regional profunda.<\/p>\n<p>El III Encuentro Instituciones de Educaci\u00f3n Superior de la Alianza del Pac\u00edfico reconoce los procesos acad\u00e9micos y esfuerzos de las IES, en el cumplimiento del objetivo misional del mecanismo de integraci\u00f3n. En este sentido, se buscar\u00e1 profundizar en los siguientes temas: i) el aporte de la Plataforma de Movilidad Estudiantil y Acad\u00e9mica como herramienta para la integraci\u00f3n de la Alianza del Pac\u00edfico, ii) el valor agregado que las becas han aportado a la formaci\u00f3n de capital humano; iii) la producci\u00f3n intelectual resultante de la Plataforma y iv) la internacionalizaci\u00f3n y los mecanismos para el fortalecimiento de las redes de las IES de los pa\u00edses miembros.<\/p>\n<ol start=\"3\">\n<li>AGENDA<\/li>\n<\/ol>\n<p>Mi\u00e9rcoles 21 de junio:<\/p>\n<p>Lugar: Pontificia Universidad Javeriana Cali<\/p>\n<p>Calle 18 #118-250<\/p>\n<p>Auditorio: Edificio Los Almendros<\/p>\n<p><a href=\"https:\/\/drive.google.com\/file\/d\/0B-XGJ8TxEwKZSi1KM3lkSkxwVlU\/view\">Informaci\u00f3n: &#8230;<\/a><\/p>\n<p>Fuente: <a href=\"http:\/\/www.univalle.edu.co\/\">Agenda de Noticias Univalle<\/a><\/p>\n","protected":false},"excerpt":{"rendered":"<p>Transferencia del conocimiento e internacionalizaci\u00f3n, pilares fundamentales para la integraci\u00f3n regional de los pa\u00edses de la Alianza del Pac\u00edfico OBJETIVO Fortalecer la Plataforma de Movilidad Estudiantil y Acad\u00e9mica de la Alianza del Pac\u00edfico como herramienta fundamental para la integraci\u00f3n regional, a trav\u00e9s de la generaci\u00f3n del conocimiento, la internacionalizaci\u00f3n y[&#8230;]<\/p>\n","protected":false},"author":1,"featured_media":18869,"comment_status":"open","ping_status":"open","sticky":false,"template":"","format":"standard","meta":{"footnotes":""},"categories":[4],"tags":[],"_links":{"self":[{"href":"https:\/\/emisora.univalle.edu.co\/index.php\/wp-json\/wp\/v2\/posts\/18861"}],"collection":[{"href":"https:\/\/emisora.univalle.edu.co\/index.php\/wp-json\/wp\/v2\/posts"}],"about":[{"href":"https:\/\/emisora.univalle.edu.co\/index.php\/wp-json\/wp\/v2\/types\/post"}],"author":[{"embeddable":true,"href":"https:\/\/emisora.univalle.edu.co\/index.php\/wp-json\/wp\/v2\/users\/1"}],"replies":[{"embeddable":true,"href":"https:\/\/emisora.univalle.edu.co\/index.php\/wp-json\/wp\/v2\/comments?post=18861"}],"version-history":[{"count":1,"href":"https:\/\/emisora.univalle.edu.co\/index.php\/wp-json\/wp\/v2\/posts\/18861\/revisions"}],"predecessor-version":[{"id":18871,"href":"https:\/\/emisora.univalle.edu.co\/index.php\/wp-json\/wp\/v2\/posts\/18861\/revisions\/18871"}],"wp:featuredmedia":[{"embeddable":true,"href":"https:\/\/emisora.univalle.edu.co\/index.php\/wp-json\/wp\/v2\/media\/18869"}],"wp:attachment":[{"href":"https:\/\/emisora.univalle.edu.co\/index.php\/wp-json\/wp\/v2\/media?parent=18861"}],"wp:term":[{"taxonomy":"category","embeddable":true,"href":"https:\/\/emisora.univalle.edu.co\/index.php\/wp-json\/wp\/v2\/categories?post=18861"},{"taxonomy":"post_tag","embeddable":true,"href":"https:\/\/emisora.univalle.edu.co\/index.php\/wp-json\/wp\/v2\/tags?post=18861"}],"curies":[{"name":"wp","href":"https:\/\/api.w.org\/{rel}","templated":true}]}}