{"id":18887,"date":"2017-05-30T10:13:38","date_gmt":"2017-05-30T15:13:38","guid":{"rendered":"https:\/\/emisora.univalle.edu.co\/?p=18887"},"modified":"2017-11-02T14:21:46","modified_gmt":"2017-11-02T19:21:46","slug":"invitacion-dialogos-ambientales-regionales","status":"publish","type":"post","link":"https:\/\/emisora.univalle.edu.co\/index.php\/invitacion-dialogos-ambientales-regionales\/","title":{"rendered":"INVITACI\u00d3N: Di\u00e1logos Ambientales Regionales"},"content":{"rendered":"<p><a href=\"https:\/\/emisora.univalle.edu.co\/abiertas-inscripciones-al-diplomado-ensenanza-la-literatura-infantil-univalle\/dialogos-ambientales-2\/\" rel=\"attachment wp-att-18882\"><img loading=\"lazy\" decoding=\"async\" class=\"wp-image-18882 alignleft\" src=\"https:\/\/emisora.univalle.edu.co\/wp-content\/uploads\/2017\/05\/dialogos-ambientales.jpg\" alt=\"dialogos-ambientales\" width=\"559\" height=\"839\" srcset=\"https:\/\/emisora.univalle.edu.co\/wp-content\/uploads\/2017\/05\/dialogos-ambientales.jpg 944w, https:\/\/emisora.univalle.edu.co\/wp-content\/uploads\/2017\/05\/dialogos-ambientales-200x300.jpg 200w, https:\/\/emisora.univalle.edu.co\/wp-content\/uploads\/2017\/05\/dialogos-ambientales-768x1152.jpg 768w, https:\/\/emisora.univalle.edu.co\/wp-content\/uploads\/2017\/05\/dialogos-ambientales-683x1024.jpg 683w, https:\/\/emisora.univalle.edu.co\/wp-content\/uploads\/2017\/05\/dialogos-ambientales-438x657.jpg 438w\" sizes=\"(max-width: 559px) 100vw, 559px\" \/><\/a><\/p>\n<p>&nbsp;<\/p>\n<p>El Doctorado en Ciencias Ambientales en el marco de los Di\u00e1logos Ambientales Regionales, cordialmente invita a la conferencia:<\/p>\n<p>\u00abEL AGUA COMO EPICENTRO DE CONFLICTOS AMBIENTALES CONTEMPOR\u00c1NEOS\u00bb<\/p>\n<p>Dirigida por el Licenciado en Econom\u00eda Pol\u00edtica Antonio Elio Brailovsky.<\/p>\n<p>D\u00cdA: jueves 01 junio del 2017<\/p>\n<p>HORA: 10:00 am-12:00 PM<\/p>\n<p>LUGAR: Auditorio \u00c1ngel Zapata, Biblioteca Mario Carvajal, Universidad Del Valle- Campus Mel\u00e9ndez<\/p>\n","protected":false},"excerpt":{"rendered":"<p>&nbsp; El Doctorado en Ciencias Ambientales en el marco de los Di\u00e1logos Ambientales Regionales, cordialmente invita a la conferencia: \u00abEL AGUA COMO EPICENTRO DE CONFLICTOS AMBIENTALES CONTEMPOR\u00c1NEOS\u00bb Dirigida por el Licenciado en Econom\u00eda Pol\u00edtica Antonio Elio Brailovsky. D\u00cdA: jueves 01 junio del 2017 HORA: 10:00 am-12:00 PM LUGAR: Auditorio \u00c1ngel[&#8230;]<\/p>\n","protected":false},"author":1,"featured_media":18883,"comment_status":"open","ping_status":"open","sticky":false,"template":"","format":"standard","meta":{"footnotes":""},"categories":[4],"tags":[],"_links":{"self":[{"href":"https:\/\/emisora.univalle.edu.co\/index.php\/wp-json\/wp\/v2\/posts\/18887"}],"collection":[{"href":"https:\/\/emisora.univalle.edu.co\/index.php\/wp-json\/wp\/v2\/posts"}],"about":[{"href":"https:\/\/emisora.univalle.edu.co\/index.php\/wp-json\/wp\/v2\/types\/post"}],"author":[{"embeddable":true,"href":"https:\/\/emisora.univalle.edu.co\/index.php\/wp-json\/wp\/v2\/users\/1"}],"replies":[{"embeddable":true,"href":"https:\/\/emisora.univalle.edu.co\/index.php\/wp-json\/wp\/v2\/comments?post=18887"}],"version-history":[{"count":1,"href":"https:\/\/emisora.univalle.edu.co\/index.php\/wp-json\/wp\/v2\/posts\/18887\/revisions"}],"predecessor-version":[{"id":18888,"href":"https:\/\/emisora.univalle.edu.co\/index.php\/wp-json\/wp\/v2\/posts\/18887\/revisions\/18888"}],"wp:featuredmedia":[{"embeddable":true,"href":"https:\/\/emisora.univalle.edu.co\/index.php\/wp-json\/wp\/v2\/media\/18883"}],"wp:attachment":[{"href":"https:\/\/emisora.univalle.edu.co\/index.php\/wp-json\/wp\/v2\/media?parent=18887"}],"wp:term":[{"taxonomy":"category","embeddable":true,"href":"https:\/\/emisora.univalle.edu.co\/index.php\/wp-json\/wp\/v2\/categories?post=18887"},{"taxonomy":"post_tag","embeddable":true,"href":"https:\/\/emisora.univalle.edu.co\/index.php\/wp-json\/wp\/v2\/tags?post=18887"}],"curies":[{"name":"wp","href":"https:\/\/api.w.org\/{rel}","templated":true}]}}