{"id":18892,"date":"2017-05-30T15:27:37","date_gmt":"2017-05-30T20:27:37","guid":{"rendered":"https:\/\/emisora.univalle.edu.co\/?p=18892"},"modified":"2017-11-02T14:09:50","modified_gmt":"2017-11-02T19:09:50","slug":"la-escuela-ingenieria-electrica-electronica-lista-la-xvi-jornada-regional-electronica","status":"publish","type":"post","link":"https:\/\/emisora.univalle.edu.co\/index.php\/la-escuela-ingenieria-electrica-electronica-lista-la-xvi-jornada-regional-electronica\/","title":{"rendered":"La Escuela de Ingenier\u00eda El\u00e9ctrica y Electr\u00f3nica lista para la \u2018XVI Jornada Regional de Electr\u00f3nica\u2019"},"content":{"rendered":"<p><a href=\"https:\/\/emisora.univalle.edu.co\/la-escuela-ingenieria-electrica-electronica-lista-la-xvi-jornada-regional-electronica\/jornada-electronica-2\/\" rel=\"attachment wp-att-18893\"><img loading=\"lazy\" decoding=\"async\" class=\"alignleft size-full wp-image-18893\" src=\"https:\/\/emisora.univalle.edu.co\/wp-content\/uploads\/2017\/05\/jornada-electronica.png\" alt=\"jornada-electronica\" width=\"207\" height=\"320\" srcset=\"https:\/\/emisora.univalle.edu.co\/wp-content\/uploads\/2017\/05\/jornada-electronica.png 207w, https:\/\/emisora.univalle.edu.co\/wp-content\/uploads\/2017\/05\/jornada-electronica-194x300.png 194w\" sizes=\"(max-width: 207px) 100vw, 207px\" \/><\/a>En el marco de la celebraci\u00f3n de sus 70 a\u00f1os, la Escuela de Ingenier\u00eda El\u00e9ctrica y Electr\u00f3nica extiende, junto con el Programa Acad\u00e9mico de Tecnolog\u00eda en Electr\u00f3nica, la invitaci\u00f3n a estudiantes universitarios y de colegios, profesionales y empresas del sector industrial relacionadas con los diferentes campos de acci\u00f3n de la electricidad y la electr\u00f3nica, para que sean part\u00edcipes de la \u2018XVI Jornada Regional de Electr\u00f3nica\u2019 que se realizar\u00e1 el viernes 2 y el s\u00e1bado 3 de junio de 2017, en la que se espera la asistencia de m\u00e1s de 500 participantes.<\/p>\n<p>Un poco de historia\u2026<\/p>\n<p>En junio de 2002 se lleva a cabo la primera jornada regional a cargo de la sede Buga, que se convierte en el punto de partida de este gran evento, que a\u00f1o tras a\u00f1o, abre las puertas de la Escuela de Ingenier\u00eda El\u00e9ctrica y Electr\u00f3nica para mostrar a la regi\u00f3n el resultado del trabajo acad\u00e9mico y la creatividad de sus estudiantes.<\/p>\n<p>Conferencias, seminarios, exposiciones empresariales, proyectos acad\u00e9micos, concursos en electr\u00f3nica, rob\u00f3tica y automatizaci\u00f3n; son el grupo de actividades que conforman este gran evento de car\u00e1cter t\u00e9cnico y acad\u00e9mico. Con su desarrollo se pretende lograr la interacci\u00f3n entre el sector acad\u00e9mico y el sector productivo.<\/p>\n<p>En versiones anteriores este evento ha contado con la participaci\u00f3n de empresas relacionadas con el sector el\u00e9ctrico y otros sectores, tales como Microcircuitos, Kamati, Caf\u00e9 \u00e1guila roja, Imder Palmira, EPSA, CONALTEL, Casa Toro Automotriz, Suconel, Lynks Ingenier\u00eda, Cenica\u00f1a, Equipelco, Gintecc, Gers, Innovatronics, Metronika, Supermercados Ca\u00f1averal.<\/p>\n<p>Esta versi\u00f3n se llevar\u00e1 a cabo en el Coliseo Alberto Le\u00f3n Betancourt, los Auditorios 1, 2, 5 y en la Plazoleta de Ingenier\u00eda de la Universidad del Valle, campus Mel\u00e9ndez. Los estudiantes de las Sedes Regionales y de la Ciudad Universitaria Mel\u00e9ndez que estudian Tecnolog\u00eda en Electr\u00f3nica deben realizar previa inscripci\u00f3n para el evento. Para los empresarios y estudiantes de Colegios que deseen escuchar las ponencias y participar de las muestras empresariales la entrada es libre. \u00a1No te lo pierdas!<\/p>\n<p>Puede ver el <a href=\"https:\/\/drive.google.com\/file\/d\/0Bz9L3PbgB0P6TTBNbWpsNTN3LWgyYzRrWnB1cWdmVHNzQ2hV\/view\">Portafolio del Evento Aqu\u00ed<\/a><\/p>\n<p>M\u00e1s Informaci\u00f3n:<\/p>\n<p><a href=\"mailto:programa.tecnologiaelectronica@correounivalle.edu.co\">programa.tecnologiaelectronica@correounivalle.edu.co<\/a><\/p>\n<p>Tel\u00e9fono: (057 2) 3212100 Ext: 2378 &#8211; 8402<\/p>\n<p>Fuente: Agencia de Noticias Ingenier\u00eda Informa<\/p>\n","protected":false},"excerpt":{"rendered":"<p>En el marco de la celebraci\u00f3n de sus 70 a\u00f1os, la Escuela de Ingenier\u00eda El\u00e9ctrica y Electr\u00f3nica extiende, junto con el Programa Acad\u00e9mico de Tecnolog\u00eda en Electr\u00f3nica, la invitaci\u00f3n a estudiantes universitarios y de colegios, profesionales y empresas del sector industrial relacionadas con los diferentes campos de acci\u00f3n de la[&#8230;]<\/p>\n","protected":false},"author":1,"featured_media":18894,"comment_status":"open","ping_status":"open","sticky":false,"template":"","format":"standard","meta":{"footnotes":""},"categories":[4],"tags":[],"_links":{"self":[{"href":"https:\/\/emisora.univalle.edu.co\/index.php\/wp-json\/wp\/v2\/posts\/18892"}],"collection":[{"href":"https:\/\/emisora.univalle.edu.co\/index.php\/wp-json\/wp\/v2\/posts"}],"about":[{"href":"https:\/\/emisora.univalle.edu.co\/index.php\/wp-json\/wp\/v2\/types\/post"}],"author":[{"embeddable":true,"href":"https:\/\/emisora.univalle.edu.co\/index.php\/wp-json\/wp\/v2\/users\/1"}],"replies":[{"embeddable":true,"href":"https:\/\/emisora.univalle.edu.co\/index.php\/wp-json\/wp\/v2\/comments?post=18892"}],"version-history":[{"count":2,"href":"https:\/\/emisora.univalle.edu.co\/index.php\/wp-json\/wp\/v2\/posts\/18892\/revisions"}],"predecessor-version":[{"id":18896,"href":"https:\/\/emisora.univalle.edu.co\/index.php\/wp-json\/wp\/v2\/posts\/18892\/revisions\/18896"}],"wp:featuredmedia":[{"embeddable":true,"href":"https:\/\/emisora.univalle.edu.co\/index.php\/wp-json\/wp\/v2\/media\/18894"}],"wp:attachment":[{"href":"https:\/\/emisora.univalle.edu.co\/index.php\/wp-json\/wp\/v2\/media?parent=18892"}],"wp:term":[{"taxonomy":"category","embeddable":true,"href":"https:\/\/emisora.univalle.edu.co\/index.php\/wp-json\/wp\/v2\/categories?post=18892"},{"taxonomy":"post_tag","embeddable":true,"href":"https:\/\/emisora.univalle.edu.co\/index.php\/wp-json\/wp\/v2\/tags?post=18892"}],"curies":[{"name":"wp","href":"https:\/\/api.w.org\/{rel}","templated":true}]}}