{"id":18897,"date":"2017-05-30T15:34:42","date_gmt":"2017-05-30T20:34:42","guid":{"rendered":"https:\/\/emisora.univalle.edu.co\/?p=18897"},"modified":"2017-11-02T14:09:42","modified_gmt":"2017-11-02T19:09:42","slug":"fluidez-la-generacion-vacantes-mercado-laboral","status":"publish","type":"post","link":"https:\/\/emisora.univalle.edu.co\/index.php\/fluidez-la-generacion-vacantes-mercado-laboral\/","title":{"rendered":"Fluidez de la generaci\u00f3n de vacantes en el mercado laboral"},"content":{"rendered":"<p><a href=\"https:\/\/emisora.univalle.edu.co\/fluidez-la-generacion-vacantes-mercado-laboral\/charla-viernes\/\" rel=\"attachment wp-att-18898\"><img loading=\"lazy\" decoding=\"async\" class=\"alignleft size-full wp-image-18898\" src=\"https:\/\/emisora.univalle.edu.co\/wp-content\/uploads\/2017\/05\/charla-viernes.jpg\" alt=\"charla-viernes\" width=\"400\" height=\"616\" srcset=\"https:\/\/emisora.univalle.edu.co\/wp-content\/uploads\/2017\/05\/charla-viernes.jpg 400w, https:\/\/emisora.univalle.edu.co\/wp-content\/uploads\/2017\/05\/charla-viernes-195x300.jpg 195w\" sizes=\"(max-width: 400px) 100vw, 400px\" \/><\/a>La charla \u201cAn\u00e1lisis de la fluidez y la generaci\u00f3n de vacantes en el mercado laboral colombiano a partir de datos administrativos del sistema de seguridad social\u201d, organizada por El Departamento de Econom\u00eda de la Facultad de Ciencias Sociales y Econ\u00f3micas de la Universidad del Valle, ser\u00e1 el pr\u00f3ximo viernes 2 de junio a las 10:00 a.m. en el Auditorio Antonio J. Posada, Campus de Mel\u00e9ndez.<\/p>\n<p>La conferencia, que se realiza en el marco de Charla de los Viernes y corresponde al Ciclo de Conferencias \u2018Los Egresados tienen la palabra\u2019, estar\u00e1 a cargo de Leonardo Fabio Morales Zurita, investigador del Banco de la Rep\u00fablica y docente de las universidades Aut\u00f3noma Latinoamericana y EAFIT.<\/p>\n<p>La fluidez del mercado laboral es un concepto que ha venido tomando fuerza en la literatura sobre econom\u00eda laboral; mercados laborales fluidos se caracterizan por su flexibilidad, reflejada en la facilidad de trabajos y trabajadores de movilizarse entre firmas y sectores econ\u00f3micos.<\/p>\n<p>En la primera parte de la exposici\u00f3n se describe la evoluci\u00f3n de medidas de fluidez, las cuales son calculadas para firmas formales colombianas a partir de datos administrativos de la Planilla Integrada de Liquidaci\u00f3n de Aportes. Se demuestra que parte del buen desempe\u00f1o del mercado laboral en el periodo 2010-2014, es explicado por incrementos en la fluidez.<\/p>\n<p>En la segunda parte de la exposici\u00f3n se propone una metodolog\u00eda para refinar c\u00e1lculos de fluidez, mediante el c\u00e1lculo de vacantes. Flujos y stocks de vacantes son estimadas a trav\u00e9s del an\u00e1lisis del comportamiento de la firma en lo referente a sus contrataciones y separaciones mensuales. La exposici\u00f3n est\u00e1 basada en dos investigaciones del Grupo de An\u00e1lisis del Mercado Laboral del Banco de la Rep\u00fablica.<\/p>\n<p>Leonardo Fabio Morales Zurita es egresado del Departamento de Econom\u00eda de la Universidad del Valle, Doctor (Ph.d.) en Econom\u00eda de la Universidad de Carolina del Norte, Chapel Hill. Es investigador junior de la Subgerencia Regional de Estudios Econ\u00f3micos del Banco de la Rep\u00fablica.<\/p>\n<p>Informes:<\/p>\n<p>Departamento de Econom\u00eda<\/p>\n<p>Tel\u00e9fono directo: 3212322<\/p>\n<p>Correo electr\u00f3nico: <a href=\"mailto:depecon@correounivalle.edu.co\">depecon@correounivalle.edu.co<\/a><\/p>\n<p>Fuente: <a href=\"http:\/\/www.univalle.edu.co\/lo-que-pasa-en-la-u\/fluidez-de-la-generacion-de-vacantes-en-el-mercado-laboral\/#\">Agencia de Noticias Univalle<\/a><\/p>\n","protected":false},"excerpt":{"rendered":"<p>La charla \u201cAn\u00e1lisis de la fluidez y la generaci\u00f3n de vacantes en el mercado laboral colombiano a partir de datos administrativos del sistema de seguridad social\u201d, organizada por El Departamento de Econom\u00eda de la Facultad de Ciencias Sociales y Econ\u00f3micas de la Universidad del Valle, ser\u00e1 el pr\u00f3ximo viernes 2[&#8230;]<\/p>\n","protected":false},"author":1,"featured_media":18899,"comment_status":"open","ping_status":"open","sticky":false,"template":"","format":"standard","meta":{"footnotes":""},"categories":[4],"tags":[],"_links":{"self":[{"href":"https:\/\/emisora.univalle.edu.co\/index.php\/wp-json\/wp\/v2\/posts\/18897"}],"collection":[{"href":"https:\/\/emisora.univalle.edu.co\/index.php\/wp-json\/wp\/v2\/posts"}],"about":[{"href":"https:\/\/emisora.univalle.edu.co\/index.php\/wp-json\/wp\/v2\/types\/post"}],"author":[{"embeddable":true,"href":"https:\/\/emisora.univalle.edu.co\/index.php\/wp-json\/wp\/v2\/users\/1"}],"replies":[{"embeddable":true,"href":"https:\/\/emisora.univalle.edu.co\/index.php\/wp-json\/wp\/v2\/comments?post=18897"}],"version-history":[{"count":2,"href":"https:\/\/emisora.univalle.edu.co\/index.php\/wp-json\/wp\/v2\/posts\/18897\/revisions"}],"predecessor-version":[{"id":18901,"href":"https:\/\/emisora.univalle.edu.co\/index.php\/wp-json\/wp\/v2\/posts\/18897\/revisions\/18901"}],"wp:featuredmedia":[{"embeddable":true,"href":"https:\/\/emisora.univalle.edu.co\/index.php\/wp-json\/wp\/v2\/media\/18899"}],"wp:attachment":[{"href":"https:\/\/emisora.univalle.edu.co\/index.php\/wp-json\/wp\/v2\/media?parent=18897"}],"wp:term":[{"taxonomy":"category","embeddable":true,"href":"https:\/\/emisora.univalle.edu.co\/index.php\/wp-json\/wp\/v2\/categories?post=18897"},{"taxonomy":"post_tag","embeddable":true,"href":"https:\/\/emisora.univalle.edu.co\/index.php\/wp-json\/wp\/v2\/tags?post=18897"}],"curies":[{"name":"wp","href":"https:\/\/api.w.org\/{rel}","templated":true}]}}