{"id":18935,"date":"2017-05-31T15:19:35","date_gmt":"2017-05-31T20:19:35","guid":{"rendered":"https:\/\/emisora.univalle.edu.co\/?p=18935"},"modified":"2017-11-02T14:08:17","modified_gmt":"2017-11-02T19:08:17","slug":"40-anos-audiovisuales-la-escuela-comunicacion-social-la-universidad-del-valle","status":"publish","type":"post","link":"https:\/\/emisora.univalle.edu.co\/index.php\/40-anos-audiovisuales-la-escuela-comunicacion-social-la-universidad-del-valle\/","title":{"rendered":"40 A\u00f1os de Audiovisuales en la Escuela de Comunicaci\u00f3n Social de la Universidad del Valle"},"content":{"rendered":"<p><a href=\"https:\/\/emisora.univalle.edu.co\/lanzamiento-pekin-del-libro-ix-forum-atec\/40-anos\/\" rel=\"attachment wp-att-18924\"><img loading=\"lazy\" decoding=\"async\" class=\"alignleft size-full wp-image-18924\" src=\"https:\/\/emisora.univalle.edu.co\/wp-content\/uploads\/2017\/05\/40-a\u00f1os.jpg\" alt=\"40-a\u00f1os\" width=\"400\" height=\"465\" srcset=\"https:\/\/emisora.univalle.edu.co\/wp-content\/uploads\/2017\/05\/40-a\u00f1os.jpg 400w, https:\/\/emisora.univalle.edu.co\/wp-content\/uploads\/2017\/05\/40-a\u00f1os-258x300.jpg 258w\" sizes=\"(max-width: 400px) 100vw, 400px\" \/><\/a>Compilador: Ramiro Arbel\u00e1ez<\/p>\n<p>Este libro es una reflexi\u00f3n hist\u00f3rica y anal\u00edtica del desarrollo que han tenido los audiovisuales en la Escuela de Comunicaci\u00f3n Social, realizada, al cumplir cuarenta a\u00f1os de su fundaci\u00f3n, por profesores, estudiantes y egresados de la misma unidad acad\u00e9mica.<\/p>\n<p>Da cuenta no s\u00f3lo de las pol\u00edticas y las concepciones audiovisuales que han orientado a la Escuela, a sus profesores y a sus estudiantes sino tambi\u00e9n de las producciones audiovisuales m\u00e1s destacadas, as\u00ed como de algunos proyectos, programas, grupos, colectivos y autores que han salido de ella y que vivieron o viven su propia autonom\u00eda creativa e intelectual, como el espacio Rostros y Rastros de Telepac\u00edfico. El libro se complementa con un profuso cat\u00e1logo de la producci\u00f3n estudiantil de los \u00faltimos 25 a\u00f1os.<\/p>\n<p>Fuente: <a href=\"http:\/\/www.univalle.edu.co\/arte-y-cultura\/40-anos-de-audiovisuales-en-la-escuela-de-comunicacion-social-de-la-universidad-del-valle\/#\">Agencia de Noticias Univalle<\/a><\/p>\n","protected":false},"excerpt":{"rendered":"<p>Compilador: Ramiro Arbel\u00e1ez Este libro es una reflexi\u00f3n hist\u00f3rica y anal\u00edtica del desarrollo que han tenido los audiovisuales en la Escuela de Comunicaci\u00f3n Social, realizada, al cumplir cuarenta a\u00f1os de su fundaci\u00f3n, por profesores, estudiantes y egresados de la misma unidad acad\u00e9mica. Da cuenta no s\u00f3lo de las pol\u00edticas y[&#8230;]<\/p>\n","protected":false},"author":1,"featured_media":18925,"comment_status":"open","ping_status":"open","sticky":false,"template":"","format":"standard","meta":{"footnotes":""},"categories":[4],"tags":[],"_links":{"self":[{"href":"https:\/\/emisora.univalle.edu.co\/index.php\/wp-json\/wp\/v2\/posts\/18935"}],"collection":[{"href":"https:\/\/emisora.univalle.edu.co\/index.php\/wp-json\/wp\/v2\/posts"}],"about":[{"href":"https:\/\/emisora.univalle.edu.co\/index.php\/wp-json\/wp\/v2\/types\/post"}],"author":[{"embeddable":true,"href":"https:\/\/emisora.univalle.edu.co\/index.php\/wp-json\/wp\/v2\/users\/1"}],"replies":[{"embeddable":true,"href":"https:\/\/emisora.univalle.edu.co\/index.php\/wp-json\/wp\/v2\/comments?post=18935"}],"version-history":[{"count":1,"href":"https:\/\/emisora.univalle.edu.co\/index.php\/wp-json\/wp\/v2\/posts\/18935\/revisions"}],"predecessor-version":[{"id":18936,"href":"https:\/\/emisora.univalle.edu.co\/index.php\/wp-json\/wp\/v2\/posts\/18935\/revisions\/18936"}],"wp:featuredmedia":[{"embeddable":true,"href":"https:\/\/emisora.univalle.edu.co\/index.php\/wp-json\/wp\/v2\/media\/18925"}],"wp:attachment":[{"href":"https:\/\/emisora.univalle.edu.co\/index.php\/wp-json\/wp\/v2\/media?parent=18935"}],"wp:term":[{"taxonomy":"category","embeddable":true,"href":"https:\/\/emisora.univalle.edu.co\/index.php\/wp-json\/wp\/v2\/categories?post=18935"},{"taxonomy":"post_tag","embeddable":true,"href":"https:\/\/emisora.univalle.edu.co\/index.php\/wp-json\/wp\/v2\/tags?post=18935"}],"curies":[{"name":"wp","href":"https:\/\/api.w.org\/{rel}","templated":true}]}}