{"id":1894,"date":"2015-02-05T14:05:10","date_gmt":"2015-02-05T19:05:10","guid":{"rendered":"https:\/\/emisora.univalle.edu.co\/\/?p=1894"},"modified":"2015-02-05T14:05:10","modified_gmt":"2015-02-05T19:05:10","slug":"los-mejores-en-saber-pro","status":"publish","type":"post","link":"https:\/\/emisora.univalle.edu.co\/index.php\/los-mejores-en-saber-pro\/","title":{"rendered":"Los mejores en Saber Pro"},"content":{"rendered":"<p style=\"text-align: justify;\">17 estudiantes y egresados de la Universidad del Valle recibieron la distinci\u00f3n de los mejores Saber Pro del 2013 del \u00a0Ministerio de Educaci\u00f3n Nacional \u201cpor obtener el mejor puntaje nacional en los Ex\u00e1menes de Calidad de la Educaci\u00f3n Superior-Saber Pro, practicados por el Icfes en el 2013\u201d, como reza el diploma firmado por la ministra de Educaci\u00f3n Gina Parody.<\/p>\n<p style=\"text-align: justify;\">Los reconocidos fueron Juan Sebasti\u00e1n Aguirre Araque, del Programa Acad\u00e9mico de Qu\u00edmica; Camila Alexandra Campos Quintana y Karen Linares Solarte de comunicaci\u00f3n social; Rogelio Herrera Mar\u00edn, Margaret Lorena Marmolejo Caicedo, Carolina \u00c1lava Moreno, Ana Mar\u00eda Carabal\u00ed Giraldo y Mariana Aristizabal Romero de Lic. Lenguas extranjeras; Santiago Morales Gonz\u00e1lez y Gina Vanessa \u00c1lvarez Garc\u00e9s de Ingenier\u00eda Industrial; Diego Alfonso Cruz Vidal \u00a0y Melissa Panesso Romero de Medicina; Alejandra L\u00f3pez Ram\u00edrez de Ingenier\u00eda Civil; Juan Manuel Ram\u00edrez Rico de Ingenier\u00eda Electr\u00f3nica; Daniel Jos\u00e9 Salcedo Valencia de Ingenier\u00eda Mec\u00e1nica; Alfonso Leonidas Villegas de Dise\u00f1o Gr\u00e1fico y M\u00f3nica Vizca\u00edno Wagner de Tecnolog\u00eda Qu\u00edmica.<\/p>\n<p style=\"text-align: justify;\">Todos los estudiantes de \u00faltimo a\u00f1o de todos los programas acad\u00e9micos de universidades p\u00fablicas y privadas de Colombia deben presentar estas pruebas, que eval\u00faan competencias consideradas fundamentales para los futuros egresados.<\/p>\n<p style=\"text-align: justify;\">Una parte eval\u00faa competencias gen\u00e9ricas, es decir, aquellas que deben desarrollar los estudiantes de cualquier programa de educaci\u00f3n superior, independientemente del programa cursado, y otra eval\u00faa competencias espec\u00edficas, ya sean de la misma o de distintas \u00e1reas de formaci\u00f3n; es decir, no se pretende que todos los programas de una misma \u00e1rea tomen los mismos m\u00f3dulos.<\/p>\n<p style=\"text-align: justify;\">Algunos estudiantes se destacaron en competencias gen\u00e9ricas como escritura, ingl\u00e9s, lectura cr\u00edtica, razonamiento cuantitativo y competencias ciudadanas, en tanto que otros se destacaron en competencias espec\u00edficas, aquellas que son comunes a grupos de programas acad\u00e9micos.<\/p>\n<p style=\"text-align: justify;\">En entrevista con el Diario El Pa\u00eds, Camila Alexandra Campos Quintana, mejor Saber Pro de comunicaci\u00f3n social de la Universidad del Valle dijo que lo que consider\u00f3 m\u00e1s importante al momento de enfrentarse con las Pruebas Saber Pro fue la seguridad. \u201cEstaba convencida de la excelente calidad acad\u00e9mica que recib\u00ed en mi universidad. De otro lado, fueron muchas las disyuntivas que enfrent\u00e9 al momento de responder la serie de preguntas. Especialmente en el \u00e9nfasis sobre mi profesi\u00f3n de comunicadora social. Tuve que decidir entre lo que podr\u00eda considerar correcto para el examen y lo que consideraba correcto bajo las l\u00f3gicas que recib\u00ed en las aulas. Entonces decid\u00ed contestar a consciencia.\u201d<\/p>\n","protected":false},"excerpt":{"rendered":"<p>17 estudiantes y egresados de la Universidad del Valle recibieron la distinci\u00f3n de los mejores Saber Pro del 2013 del \u00a0Ministerio de Educaci\u00f3n Nacional \u201cpor obtener el mejor puntaje nacional en los Ex\u00e1menes de Calidad de la Educaci\u00f3n Superior-Saber Pro, practicados por el Icfes en el 2013\u201d, como reza el[&#8230;]<\/p>\n","protected":false},"author":1,"featured_media":1896,"comment_status":"open","ping_status":"open","sticky":false,"template":"","format":"standard","meta":{"footnotes":""},"categories":[4],"tags":[],"_links":{"self":[{"href":"https:\/\/emisora.univalle.edu.co\/index.php\/wp-json\/wp\/v2\/posts\/1894"}],"collection":[{"href":"https:\/\/emisora.univalle.edu.co\/index.php\/wp-json\/wp\/v2\/posts"}],"about":[{"href":"https:\/\/emisora.univalle.edu.co\/index.php\/wp-json\/wp\/v2\/types\/post"}],"author":[{"embeddable":true,"href":"https:\/\/emisora.univalle.edu.co\/index.php\/wp-json\/wp\/v2\/users\/1"}],"replies":[{"embeddable":true,"href":"https:\/\/emisora.univalle.edu.co\/index.php\/wp-json\/wp\/v2\/comments?post=1894"}],"version-history":[{"count":1,"href":"https:\/\/emisora.univalle.edu.co\/index.php\/wp-json\/wp\/v2\/posts\/1894\/revisions"}],"predecessor-version":[{"id":1897,"href":"https:\/\/emisora.univalle.edu.co\/index.php\/wp-json\/wp\/v2\/posts\/1894\/revisions\/1897"}],"wp:featuredmedia":[{"embeddable":true,"href":"https:\/\/emisora.univalle.edu.co\/index.php\/wp-json\/wp\/v2\/media\/1896"}],"wp:attachment":[{"href":"https:\/\/emisora.univalle.edu.co\/index.php\/wp-json\/wp\/v2\/media?parent=1894"}],"wp:term":[{"taxonomy":"category","embeddable":true,"href":"https:\/\/emisora.univalle.edu.co\/index.php\/wp-json\/wp\/v2\/categories?post=1894"},{"taxonomy":"post_tag","embeddable":true,"href":"https:\/\/emisora.univalle.edu.co\/index.php\/wp-json\/wp\/v2\/tags?post=1894"}],"curies":[{"name":"wp","href":"https:\/\/api.w.org\/{rel}","templated":true}]}}