{"id":18940,"date":"2017-05-31T16:46:34","date_gmt":"2017-05-31T21:46:34","guid":{"rendered":"https:\/\/emisora.univalle.edu.co\/?p=18940"},"modified":"2017-11-02T14:08:02","modified_gmt":"2017-11-02T19:08:02","slug":"dia-mundial-los-oceanos-medio-ambiente","status":"publish","type":"post","link":"https:\/\/emisora.univalle.edu.co\/index.php\/dia-mundial-los-oceanos-medio-ambiente\/","title":{"rendered":"D\u00eda Mundial de los Oc\u00e9anos y el Medio Ambiente"},"content":{"rendered":"<p>Este mi\u00e9rcoles 31 de mayo, en el primer piso de la Facultad de Ciencias Naturales y Exactas de la Universidad del Valle &#8211; Campus de Mel\u00e9ndez, la secci\u00f3n de Biolog\u00eda Marina y el Instituto de Investigaciones Marinas y Costeras \u2013 INVEMAR, invitan a recorrer la exposici\u00f3n fotogr\u00e1fica #Pornuestromar, para celebrar el D\u00eda Mundial de los Oc\u00e9anos y del Medio Ambiente.<\/p>\n<p>El evento se abrir\u00e1 al p\u00fablico a partir de las 2:00 p.m.<\/p>\n<p>El 1 de Junio continuar\u00e1 la celebraci\u00f3n con un ciclo de conferencias sobre biodiversidad, investigaci\u00f3n y ambientes marinos, evento que se realizar\u00e1 entre las 10:00 a.m. y la 1:00 p.m. en el auditorio Calima del edificio 320, piso 2. Los temas a tratar ser\u00e1n:<\/p>\n<p>Estado de investigaciones pesqueras y sus aplicaciones en el pac\u00edfico colombiano.<\/p>\n<p>La calidad ambiental marina en el Pac\u00edfico: Avances y desaf\u00edos.<\/p>\n<p>Biodiversidad en los arrecifes rocosos (riscales y morros) en el norte del Choc\u00f3, Pac\u00edfico colombiano.<\/p>\n<p>El D\u00eda Mundial de los Oc\u00e9anos fue declarado el 8 de junio de 2009 por las Naciones Unidas, con base en la resoluci\u00f3n 63\/111 sobre Los oc\u00e9anos y el derecho al mar.<\/p>\n<p>Fuente: Agencia de Noticias Univalle<\/p>\n","protected":false},"excerpt":{"rendered":"<p>Este mi\u00e9rcoles 31 de mayo, en el primer piso de la Facultad de Ciencias Naturales y Exactas de la Universidad del Valle &#8211; Campus de Mel\u00e9ndez, la secci\u00f3n de Biolog\u00eda Marina y el Instituto de Investigaciones Marinas y Costeras \u2013 INVEMAR, invitan a recorrer la exposici\u00f3n fotogr\u00e1fica #Pornuestromar, para celebrar[&#8230;]<\/p>\n","protected":false},"author":1,"featured_media":18941,"comment_status":"open","ping_status":"open","sticky":false,"template":"","format":"standard","meta":{"footnotes":""},"categories":[4],"tags":[],"_links":{"self":[{"href":"https:\/\/emisora.univalle.edu.co\/index.php\/wp-json\/wp\/v2\/posts\/18940"}],"collection":[{"href":"https:\/\/emisora.univalle.edu.co\/index.php\/wp-json\/wp\/v2\/posts"}],"about":[{"href":"https:\/\/emisora.univalle.edu.co\/index.php\/wp-json\/wp\/v2\/types\/post"}],"author":[{"embeddable":true,"href":"https:\/\/emisora.univalle.edu.co\/index.php\/wp-json\/wp\/v2\/users\/1"}],"replies":[{"embeddable":true,"href":"https:\/\/emisora.univalle.edu.co\/index.php\/wp-json\/wp\/v2\/comments?post=18940"}],"version-history":[{"count":1,"href":"https:\/\/emisora.univalle.edu.co\/index.php\/wp-json\/wp\/v2\/posts\/18940\/revisions"}],"predecessor-version":[{"id":18942,"href":"https:\/\/emisora.univalle.edu.co\/index.php\/wp-json\/wp\/v2\/posts\/18940\/revisions\/18942"}],"wp:featuredmedia":[{"embeddable":true,"href":"https:\/\/emisora.univalle.edu.co\/index.php\/wp-json\/wp\/v2\/media\/18941"}],"wp:attachment":[{"href":"https:\/\/emisora.univalle.edu.co\/index.php\/wp-json\/wp\/v2\/media?parent=18940"}],"wp:term":[{"taxonomy":"category","embeddable":true,"href":"https:\/\/emisora.univalle.edu.co\/index.php\/wp-json\/wp\/v2\/categories?post=18940"},{"taxonomy":"post_tag","embeddable":true,"href":"https:\/\/emisora.univalle.edu.co\/index.php\/wp-json\/wp\/v2\/tags?post=18940"}],"curies":[{"name":"wp","href":"https:\/\/api.w.org\/{rel}","templated":true}]}}