{"id":18952,"date":"2017-06-01T15:37:34","date_gmt":"2017-06-01T20:37:34","guid":{"rendered":"https:\/\/emisora.univalle.edu.co\/?p=18952"},"modified":"2017-11-02T14:07:46","modified_gmt":"2017-11-02T19:07:46","slug":"que-es-y-para-que-sirve-el-fosyga","status":"publish","type":"post","link":"https:\/\/emisora.univalle.edu.co\/index.php\/que-es-y-para-que-sirve-el-fosyga\/","title":{"rendered":"\u00bfQu\u00e9 es y para qu\u00e9 sirve el Fosyga?"},"content":{"rendered":"<p>La Comunidad Pregunta al FOSYGA \u00bfSabe usted qu\u00e9 es el Fosyga? \u00bfSab\u00eda usted que est\u00e1 protegido por el Fosyga si sufre accidentes de tr\u00e1nsito, eventos terroristas o eventos catastr\u00f3ficos?<\/p>\n<p>Estas preguntas y otras inquietudes sobre el Fosyga ser\u00e1n resueltas el pr\u00f3ximo jueves 8 de junio de 2017 en la sesi\u00f3n de La Comunidad Pregunta al Fondo de Solidaridad y Garant\u00eda del Sistema General de Seguridad en Salud, Fosyga.<\/p>\n<p>C\u00f3mo soporta esta instituci\u00f3n al r\u00e9gimen subsidiado en salud, las ayudas en casos de eventos catastr\u00f3ficos y los cubrimientos en caso de accidentes de tr\u00e1nsito, son, entre otros, algunas de las obligaciones que maneja este fondo que fue creado con la Ley 100 de 1993, y que ser\u00e1n explicados en detalle en esta nueva sesi\u00f3n de La Comunidad Pregunta.<\/p>\n<p>La entrada a la sesi\u00f3n de La Comunidad Pregunta es libre, previa inscripci\u00f3n en el siguiente enlace: ttps:\/\/goo.gl\/forms\/sEypySPTdjYKgOmP2<\/p>\n<p><strong>Viceministra responder\u00e1 preguntas<\/strong><\/p>\n<p>Carmen Eugenia D\u00e1vila Guerrero, Viceministra de Protecci\u00f3n Social, Colombia. En esta ocasi\u00f3n la comunidad preguntar\u00e1 directamente a la Viceministra de Protecci\u00f3n Social del Ministerio de Salud y Protecci\u00f3n Social, Carmen Eugenia D\u00e1vila Guerrero.<\/p>\n<p>La viceministra es profesional en Finanzas y Relaciones Internacionales de la universidad externado de Colombia, tiene una especializaci\u00f3n en Gesti\u00f3n P\u00fablica e Instituciones Administrativas de la Universidad de Los Andes y, adem\u00e1s, realiz\u00f3 un Mag\u00edster en Gobierno y Pol\u00edticas P\u00fablicas en la Universidad Externado de Colombia.<\/p>\n<p>Ha trabajado en el Ministerio de Salud durante los \u00faltimos 18 a\u00f1os, donde ha desempe\u00f1ado cargos como coordinadora de Administraci\u00f3n de Fondos, asesora del despacho del Viceministerio T\u00e9cnico (en el extinto Ministerio de la Protecci\u00f3n Social) y directora de Financiamiento Sectorial del Ministerio de Salud y Protecci\u00f3n Social.<\/p>\n<p>Durante su intervenci\u00f3n en La Comunidad Pregunta, la viceministra brindar\u00e1 informaci\u00f3n acerca del Fondo de Solidaridad y Garant\u00eda, Fosyga referente al funcionamiento, as\u00ed como informaci\u00f3n adicional acerca de la entidad y los servicios que esta les ofrece a los ciudadanos. Luego contestar\u00e1 las preguntas que los asistentes tengan al respecto.<\/p>\n<p>El evento se realizar\u00e1 el pr\u00f3ximo jueves 8 de junio de 2017, en el Auditorio Diego Delgadillo de Facultad de Ciencias de la Administraci\u00f3n de la Universidad del Valle, campus San Fernando, de 3:00 p.m a 5:00 p.m.<\/p>\n<p><strong>Inscripciones a la jornada<\/strong><\/p>\n<p>La Comunidad Pregunta es un evento organizado por la Escuela de Salud P\u00fablica de la Facultad de Salud de la Universidad del Valle, dirigido a la ciudadan\u00eda en general, con el fin de acercarla a las instituciones p\u00fablicas y que conozcan de primera mano sus funciones y servicios, y respondan a sus inquietudes.<\/p>\n<p>Adem\u00e1s, busca promover la responsabilidad que tienen las entidades p\u00fablicas de mantener informada la comunidad, brind\u00e1ndole herramientas y conocimiento para que participe activamente, tome decisiones informadas y defienda sus derechos.<\/p>\n<p>La entrada a esta sesi\u00f3n es libre, previa inscripci\u00f3n en el siguiente enlace: <a href=\"https:\/\/goo.gl\/forms\/sEypySPTdjYKgOmP2\">https:\/\/goo.gl\/forms\/sEypySPTdjYKgOmP2<\/a><\/p>\n<p><strong>Informaci\u00f3n:<\/strong><\/p>\n<p><strong>Universidad del Valle<\/strong><\/p>\n<p><strong>Escuela de Salud P\u00fablica &#8211; Oficina de Extensi\u00f3n y Proyecci\u00f3n Social<\/strong><\/p>\n<p><strong>Campus San Fernando<\/strong><\/p>\n<p><strong><a href=\"mailto:extension.saludpublica@correounivalle.edu.co\">extension.saludpublica@correounivalle.edu.co<\/a><\/strong><\/p>\n<p><strong>Tel\u00e9fonos: 5542476 \u2013 5542480<\/strong><\/p>\n<p>Fuente: Grupo de Comunicaciones \u2013 <a href=\"http:\/\/www.saludpublicaunivalle.info\/index.php\/extension-y-proyeccion-social-3\/310-la-comunidad-pregunta-al-fosyga\">Escuela de Salud P\u00fablica \u2013 Universidad del Valle<\/a><\/p>\n<p>&nbsp;<\/p>\n<p><a href=\"https:\/\/emisora.univalle.edu.co\/tres-licenciaturas-reciben-acreditacion-alta-calidad\/comunidad-pregunta-7\/\" rel=\"attachment wp-att-18947\"><img loading=\"lazy\" decoding=\"async\" class=\" wp-image-18947 aligncenter\" src=\"https:\/\/emisora.univalle.edu.co\/wp-content\/uploads\/2017\/06\/comunidad-pregunta.jpg\" alt=\"comunidad pregunta\" width=\"720\" height=\"944\" srcset=\"https:\/\/emisora.univalle.edu.co\/wp-content\/uploads\/2017\/06\/comunidad-pregunta.jpg 630w, https:\/\/emisora.univalle.edu.co\/wp-content\/uploads\/2017\/06\/comunidad-pregunta-229x300.jpg 229w, https:\/\/emisora.univalle.edu.co\/wp-content\/uploads\/2017\/06\/comunidad-pregunta-438x574.jpg 438w\" sizes=\"(max-width: 720px) 100vw, 720px\" \/><\/a><\/p>\n","protected":false},"excerpt":{"rendered":"<p>La Comunidad Pregunta al FOSYGA \u00bfSabe usted qu\u00e9 es el Fosyga? \u00bfSab\u00eda usted que est\u00e1 protegido por el Fosyga si sufre accidentes de tr\u00e1nsito, eventos terroristas o eventos catastr\u00f3ficos? Estas preguntas y otras inquietudes sobre el Fosyga ser\u00e1n resueltas el pr\u00f3ximo jueves 8 de junio de 2017 en la sesi\u00f3n[&#8230;]<\/p>\n","protected":false},"author":1,"featured_media":18949,"comment_status":"open","ping_status":"open","sticky":false,"template":"","format":"standard","meta":{"footnotes":""},"categories":[4],"tags":[],"_links":{"self":[{"href":"https:\/\/emisora.univalle.edu.co\/index.php\/wp-json\/wp\/v2\/posts\/18952"}],"collection":[{"href":"https:\/\/emisora.univalle.edu.co\/index.php\/wp-json\/wp\/v2\/posts"}],"about":[{"href":"https:\/\/emisora.univalle.edu.co\/index.php\/wp-json\/wp\/v2\/types\/post"}],"author":[{"embeddable":true,"href":"https:\/\/emisora.univalle.edu.co\/index.php\/wp-json\/wp\/v2\/users\/1"}],"replies":[{"embeddable":true,"href":"https:\/\/emisora.univalle.edu.co\/index.php\/wp-json\/wp\/v2\/comments?post=18952"}],"version-history":[{"count":1,"href":"https:\/\/emisora.univalle.edu.co\/index.php\/wp-json\/wp\/v2\/posts\/18952\/revisions"}],"predecessor-version":[{"id":18954,"href":"https:\/\/emisora.univalle.edu.co\/index.php\/wp-json\/wp\/v2\/posts\/18952\/revisions\/18954"}],"wp:featuredmedia":[{"embeddable":true,"href":"https:\/\/emisora.univalle.edu.co\/index.php\/wp-json\/wp\/v2\/media\/18949"}],"wp:attachment":[{"href":"https:\/\/emisora.univalle.edu.co\/index.php\/wp-json\/wp\/v2\/media?parent=18952"}],"wp:term":[{"taxonomy":"category","embeddable":true,"href":"https:\/\/emisora.univalle.edu.co\/index.php\/wp-json\/wp\/v2\/categories?post=18952"},{"taxonomy":"post_tag","embeddable":true,"href":"https:\/\/emisora.univalle.edu.co\/index.php\/wp-json\/wp\/v2\/tags?post=18952"}],"curies":[{"name":"wp","href":"https:\/\/api.w.org\/{rel}","templated":true}]}}