{"id":18957,"date":"2017-06-01T15:41:18","date_gmt":"2017-06-01T20:41:18","guid":{"rendered":"https:\/\/emisora.univalle.edu.co\/?p=18957"},"modified":"2017-11-02T14:07:33","modified_gmt":"2017-11-02T19:07:33","slug":"activista-boliviana-cali","status":"publish","type":"post","link":"https:\/\/emisora.univalle.edu.co\/index.php\/activista-boliviana-cali\/","title":{"rendered":"Activista boliviana en Cali"},"content":{"rendered":"<p>El Centro de Investigaciones y Estudios de G\u00e9nero, Mujer y Sociedad de la Universidad del Valle invita a las conferencias que dictar\u00e1 la soci\u00f3loga, historiadora y activista boliviana Silvia Rivera Cusicanqui, durante su visita a Cali.<\/p>\n<p>Rivera Cusicanqui dictar\u00e1 la conferencia \u201cSociolog\u00eda de la imagen: pensar con los pies en la tierra\u201d, el viernes 2 de junio, a las 2:00 p.m., en el Auditorio 3 de la Universidad del Valle, Campus Mel\u00e9ndez.<\/p>\n<p>Esta investigadora presentar\u00e1 la conferencia \u201cGuerra contra las mujeres: guerra a la madre tierra\u201d, el s\u00e1bado 3 de junio, a las 2:00 p.m., en la Casa Cultural El Chontaduro, ubicada en la Diagonal 26 G9 N 72 S-25, Barrio Marroqu\u00edn III.<\/p>\n<p>El evento es organizado por la Universidad del Valle, (Doctorado en Humanidades, el Centro de Investigaciones y Estudios de G\u00e9nero, Mujer y Sociedad y el Instituto de Educaci\u00f3n y Pedagog\u00eda) la Universidad Icesi (Departamento de Estudios Sociales), Universidad Cat\u00f3lica Lumen Gentium, Universidad Aut\u00f3noma de Occidente, y el Movimiento Social de Mujeres \u2013 Cali Bloque Feminista de Cali.<\/p>\n<p>Silvia Rivera Cusicanqui es una soci\u00f3loga de la comunidad aimara que habitan en la meseta andina del lago Titicaca de Bolivia. Es activista, te\u00f3rica contempor\u00e1nea e historiadora boliviana. Ha investigado la teor\u00eda anarquista, as\u00ed como las cosmolog\u00edas quechua y aimara.<\/p>\n<p>Fue directora y cofundadora del Taller de Historia Oral Andina. Tambi\u00e9n es activista que trabaja directamente con los movimientos ind\u00edgenas de Bolivia, como los movimientos tupacatarista y de los cocaleros. En 1983 cre\u00f3 junto, con otros intelectuales aimaras, el Taller de Historia Oral Andina (THOA) el cual trabaja temas de oralidad, identidad y movimientos sociales ind\u00edgenas y populares aimaras.<\/p>\n<p>Fuente: <a href=\"http:\/\/www.univalle.edu.co\/lo-que-pasa-en-la-u\/activista-boliviana-en-cali\/#\">Agencia de Noticias Univalle<\/a><\/p>\n","protected":false},"excerpt":{"rendered":"<p>El Centro de Investigaciones y Estudios de G\u00e9nero, Mujer y Sociedad de la Universidad del Valle invita a las conferencias que dictar\u00e1 la soci\u00f3loga, historiadora y activista boliviana Silvia Rivera Cusicanqui, durante su visita a Cali. Rivera Cusicanqui dictar\u00e1 la conferencia \u201cSociolog\u00eda de la imagen: pensar con los pies en[&#8230;]<\/p>\n","protected":false},"author":1,"featured_media":18945,"comment_status":"open","ping_status":"open","sticky":false,"template":"","format":"standard","meta":{"footnotes":""},"categories":[4],"tags":[],"_links":{"self":[{"href":"https:\/\/emisora.univalle.edu.co\/index.php\/wp-json\/wp\/v2\/posts\/18957"}],"collection":[{"href":"https:\/\/emisora.univalle.edu.co\/index.php\/wp-json\/wp\/v2\/posts"}],"about":[{"href":"https:\/\/emisora.univalle.edu.co\/index.php\/wp-json\/wp\/v2\/types\/post"}],"author":[{"embeddable":true,"href":"https:\/\/emisora.univalle.edu.co\/index.php\/wp-json\/wp\/v2\/users\/1"}],"replies":[{"embeddable":true,"href":"https:\/\/emisora.univalle.edu.co\/index.php\/wp-json\/wp\/v2\/comments?post=18957"}],"version-history":[{"count":1,"href":"https:\/\/emisora.univalle.edu.co\/index.php\/wp-json\/wp\/v2\/posts\/18957\/revisions"}],"predecessor-version":[{"id":18958,"href":"https:\/\/emisora.univalle.edu.co\/index.php\/wp-json\/wp\/v2\/posts\/18957\/revisions\/18958"}],"wp:featuredmedia":[{"embeddable":true,"href":"https:\/\/emisora.univalle.edu.co\/index.php\/wp-json\/wp\/v2\/media\/18945"}],"wp:attachment":[{"href":"https:\/\/emisora.univalle.edu.co\/index.php\/wp-json\/wp\/v2\/media?parent=18957"}],"wp:term":[{"taxonomy":"category","embeddable":true,"href":"https:\/\/emisora.univalle.edu.co\/index.php\/wp-json\/wp\/v2\/categories?post=18957"},{"taxonomy":"post_tag","embeddable":true,"href":"https:\/\/emisora.univalle.edu.co\/index.php\/wp-json\/wp\/v2\/tags?post=18957"}],"curies":[{"name":"wp","href":"https:\/\/api.w.org\/{rel}","templated":true}]}}