{"id":18960,"date":"2017-06-02T14:19:40","date_gmt":"2017-06-02T19:19:40","guid":{"rendered":"https:\/\/emisora.univalle.edu.co\/?p=18960"},"modified":"2017-11-02T14:07:27","modified_gmt":"2017-11-02T19:07:27","slug":"hoy-funcion-gala-jovenes-coreografos","status":"publish","type":"post","link":"https:\/\/emisora.univalle.edu.co\/index.php\/hoy-funcion-gala-jovenes-coreografos\/","title":{"rendered":"Hoy, funci\u00f3n de gala de j\u00f3venes core\u00f3grafos"},"content":{"rendered":"<p><a href=\"https:\/\/emisora.univalle.edu.co\/hoy-funcion-gala-jovenes-coreografos\/funcion\/\" rel=\"attachment wp-att-18961\"><img loading=\"lazy\" decoding=\"async\" class=\"alignleft size-full wp-image-18961\" src=\"https:\/\/emisora.univalle.edu.co\/wp-content\/uploads\/2017\/06\/funcion.jpg\" alt=\"funcion\" width=\"400\" height=\"400\" srcset=\"https:\/\/emisora.univalle.edu.co\/wp-content\/uploads\/2017\/06\/funcion.jpg 400w, https:\/\/emisora.univalle.edu.co\/wp-content\/uploads\/2017\/06\/funcion-150x150.jpg 150w, https:\/\/emisora.univalle.edu.co\/wp-content\/uploads\/2017\/06\/funcion-300x300.jpg 300w\" sizes=\"(max-width: 400px) 100vw, 400px\" \/><\/a>La Fundaci\u00f3n Ballet Capital y el Departamento de Artes Esc\u00e9nicas de la Universidad del Valle realizan el \u201cII Encuentro Internacional de J\u00f3venes Core\u00f3grafos\u201d, este viernes 2 de junio en el Campus de Mel\u00e9ndez.<\/p>\n<p>Este evento incluye clases maestras, un conversatorio y una funci\u00f3n de cierre en las instalaciones de la Universidad.<\/p>\n<p>El evento nace por la iniciativa de Juli\u00e1n Garay, bailar\u00edn de la Compa\u00f1\u00eda Colombiana de Ballet, para establecer una plataforma donde se estimule y promueva los nuevos talentos en el campo de la danza y la coreograf\u00eda.<\/p>\n<p>La presentaci\u00f3n de las creaciones coreogr\u00e1ficas recientes, est\u00e1n direccionadas hacia una audiencia universitaria, que busca la formaci\u00f3n de p\u00fablico frente a las nuevas propuestas de la expresi\u00f3n danc\u00edstica.<\/p>\n<p>Programaci\u00f3n<\/p>\n<p>Conversatorio Identidad en la danza esc\u00e9nica de Am\u00e9rica Latina<\/p>\n<p>Invitados: Carlos Paolillo, Gonzalo Galguera<\/p>\n<p>Lugar: Edificio 317, Auditorio del Cree<\/p>\n<p>Hora: 3:00 p.m.<\/p>\n<p>Funci\u00f3n de Gala<\/p>\n<p>Lugar: Sala de Teatro Univalle (Auditorio 4)<\/p>\n<p>Hora: 5:30 p.m.<\/p>\n<p>Entrada libre<\/p>\n<p>Fuente: Agencia de Noticias Univalle<\/p>\n","protected":false},"excerpt":{"rendered":"<p>La Fundaci\u00f3n Ballet Capital y el Departamento de Artes Esc\u00e9nicas de la Universidad del Valle realizan el \u201cII Encuentro Internacional de J\u00f3venes Core\u00f3grafos\u201d, este viernes 2 de junio en el Campus de Mel\u00e9ndez. Este evento incluye clases maestras, un conversatorio y una funci\u00f3n de cierre en las instalaciones de la[&#8230;]<\/p>\n","protected":false},"author":1,"featured_media":18962,"comment_status":"open","ping_status":"open","sticky":false,"template":"","format":"standard","meta":{"footnotes":""},"categories":[4],"tags":[],"_links":{"self":[{"href":"https:\/\/emisora.univalle.edu.co\/index.php\/wp-json\/wp\/v2\/posts\/18960"}],"collection":[{"href":"https:\/\/emisora.univalle.edu.co\/index.php\/wp-json\/wp\/v2\/posts"}],"about":[{"href":"https:\/\/emisora.univalle.edu.co\/index.php\/wp-json\/wp\/v2\/types\/post"}],"author":[{"embeddable":true,"href":"https:\/\/emisora.univalle.edu.co\/index.php\/wp-json\/wp\/v2\/users\/1"}],"replies":[{"embeddable":true,"href":"https:\/\/emisora.univalle.edu.co\/index.php\/wp-json\/wp\/v2\/comments?post=18960"}],"version-history":[{"count":2,"href":"https:\/\/emisora.univalle.edu.co\/index.php\/wp-json\/wp\/v2\/posts\/18960\/revisions"}],"predecessor-version":[{"id":18965,"href":"https:\/\/emisora.univalle.edu.co\/index.php\/wp-json\/wp\/v2\/posts\/18960\/revisions\/18965"}],"wp:featuredmedia":[{"embeddable":true,"href":"https:\/\/emisora.univalle.edu.co\/index.php\/wp-json\/wp\/v2\/media\/18962"}],"wp:attachment":[{"href":"https:\/\/emisora.univalle.edu.co\/index.php\/wp-json\/wp\/v2\/media?parent=18960"}],"wp:term":[{"taxonomy":"category","embeddable":true,"href":"https:\/\/emisora.univalle.edu.co\/index.php\/wp-json\/wp\/v2\/categories?post=18960"},{"taxonomy":"post_tag","embeddable":true,"href":"https:\/\/emisora.univalle.edu.co\/index.php\/wp-json\/wp\/v2\/tags?post=18960"}],"curies":[{"name":"wp","href":"https:\/\/api.w.org\/{rel}","templated":true}]}}