{"id":18969,"date":"2017-06-02T16:09:13","date_gmt":"2017-06-02T21:09:13","guid":{"rendered":"https:\/\/emisora.univalle.edu.co\/?p=18969"},"modified":"2017-11-02T14:07:19","modified_gmt":"2017-11-02T19:07:19","slug":"univalle-encuentro-internacional-virtual-educa-2017","status":"publish","type":"post","link":"https:\/\/emisora.univalle.edu.co\/index.php\/univalle-encuentro-internacional-virtual-educa-2017\/","title":{"rendered":"Univalle, en el encuentro internacional Virtual Educa 2017"},"content":{"rendered":"<p><a href=\"https:\/\/emisora.univalle.edu.co\/univalle-encuentro-internacional-virtual-educa-2017\/encuentro-internacional-2\/\" rel=\"attachment wp-att-18971\"><img loading=\"lazy\" decoding=\"async\" class=\"alignleft size-full wp-image-18971\" src=\"https:\/\/emisora.univalle.edu.co\/wp-content\/uploads\/2017\/06\/encuentro-internacional.jpg\" alt=\"encuentro-internacional\" width=\"400\" height=\"601\" srcset=\"https:\/\/emisora.univalle.edu.co\/wp-content\/uploads\/2017\/06\/encuentro-internacional.jpg 400w, https:\/\/emisora.univalle.edu.co\/wp-content\/uploads\/2017\/06\/encuentro-internacional-200x300.jpg 200w\" sizes=\"(max-width: 400px) 100vw, 400px\" \/><\/a>La Universidad del Valle participar\u00e1 en el \u201cXVIII Encuentro Internacional Virtual Educa\u201d que se llevar\u00e1 a cabo del 13 al 16 de junio en Corferias, en Bogot\u00e1.<\/p>\n<p>Este evento es considerado el m\u00e1s importante en Latinoam\u00e9rica y el Caribe en materia de educaci\u00f3n, innovaci\u00f3n y tecnolog\u00edas de la informaci\u00f3n y la comunicaci\u00f3n-TIC, bajo el liderazgo de la Organizaci\u00f3n de Estados Americanos-OEA.<\/p>\n<p>Virtual Educa Colombia 2017 brinda la oportunidad a la comunidad educativa de revisar c\u00f3mo las tecnolog\u00edas de la informaci\u00f3n y comunicaci\u00f3n (TIC) son una herramienta que ayuda al cierre de brechas en educaci\u00f3n, mejora la calidad educativa y hace prospectiva de la educaci\u00f3n.<\/p>\n<p>La agenda acad\u00e9mica contiene foros, seminarios, talleres y exposiciones de primer nivel dedicados al uso pedag\u00f3gico y educativo de las nuevas tecnolog\u00edas; est\u00e1n dirigidos a secretarios de educaci\u00f3n, docentes, directivos, estudiantes, empresarios, y ciudadanos. El encuentro re\u00fane acad\u00e9micos y autoridades del Sector de 20 pa\u00edses.<\/p>\n<p>Durante el evento, la Universidad del Valle presentar\u00e1 su oferta educativa de pregrado y posgrado.<\/p>\n<p>Fuente: Agencia de Noticias Univalle<\/p>\n","protected":false},"excerpt":{"rendered":"<p>La Universidad del Valle participar\u00e1 en el \u201cXVIII Encuentro Internacional Virtual Educa\u201d que se llevar\u00e1 a cabo del 13 al 16 de junio en Corferias, en Bogot\u00e1. Este evento es considerado el m\u00e1s importante en Latinoam\u00e9rica y el Caribe en materia de educaci\u00f3n, innovaci\u00f3n y tecnolog\u00edas de la informaci\u00f3n y[&#8230;]<\/p>\n","protected":false},"author":1,"featured_media":18972,"comment_status":"open","ping_status":"open","sticky":false,"template":"","format":"standard","meta":{"footnotes":""},"categories":[4],"tags":[],"_links":{"self":[{"href":"https:\/\/emisora.univalle.edu.co\/index.php\/wp-json\/wp\/v2\/posts\/18969"}],"collection":[{"href":"https:\/\/emisora.univalle.edu.co\/index.php\/wp-json\/wp\/v2\/posts"}],"about":[{"href":"https:\/\/emisora.univalle.edu.co\/index.php\/wp-json\/wp\/v2\/types\/post"}],"author":[{"embeddable":true,"href":"https:\/\/emisora.univalle.edu.co\/index.php\/wp-json\/wp\/v2\/users\/1"}],"replies":[{"embeddable":true,"href":"https:\/\/emisora.univalle.edu.co\/index.php\/wp-json\/wp\/v2\/comments?post=18969"}],"version-history":[{"count":2,"href":"https:\/\/emisora.univalle.edu.co\/index.php\/wp-json\/wp\/v2\/posts\/18969\/revisions"}],"predecessor-version":[{"id":18977,"href":"https:\/\/emisora.univalle.edu.co\/index.php\/wp-json\/wp\/v2\/posts\/18969\/revisions\/18977"}],"wp:featuredmedia":[{"embeddable":true,"href":"https:\/\/emisora.univalle.edu.co\/index.php\/wp-json\/wp\/v2\/media\/18972"}],"wp:attachment":[{"href":"https:\/\/emisora.univalle.edu.co\/index.php\/wp-json\/wp\/v2\/media?parent=18969"}],"wp:term":[{"taxonomy":"category","embeddable":true,"href":"https:\/\/emisora.univalle.edu.co\/index.php\/wp-json\/wp\/v2\/categories?post=18969"},{"taxonomy":"post_tag","embeddable":true,"href":"https:\/\/emisora.univalle.edu.co\/index.php\/wp-json\/wp\/v2\/tags?post=18969"}],"curies":[{"name":"wp","href":"https:\/\/api.w.org\/{rel}","templated":true}]}}