{"id":18978,"date":"2017-06-02T16:10:06","date_gmt":"2017-06-02T21:10:06","guid":{"rendered":"https:\/\/emisora.univalle.edu.co\/?p=18978"},"modified":"2017-11-02T14:07:13","modified_gmt":"2017-11-02T19:07:13","slug":"volver-la-tierra-ciudad-vaga-habla-conflicto","status":"publish","type":"post","link":"https:\/\/emisora.univalle.edu.co\/index.php\/volver-la-tierra-ciudad-vaga-habla-conflicto\/","title":{"rendered":"Con &#8216;Volver a la tierra&#8217;, Ciudad Vaga habla sobre el conflicto"},"content":{"rendered":"<p>&#8216;Volver a la tierra&#8217; es un texto period\u00edstico que hace parte de la m\u00e1s reciente edici\u00f3n de la Revista Ciudad Vaga, producto editorial construido en la Escuela de Comunicaci\u00f3n Social de la Universidad del Valle, bajo la direcci\u00f3n del docente Kevin Alexis Garc\u00eda. En esta revista, dedicada a explorar las posibilidades expresivas que brinda el periodismo literario y el fotorreportaje, participan estudiantes y egresados de la Universidad, as\u00ed como reporteros invitados de talla nacional e internacional,<\/p>\n<p>Volver a la tierra<\/p>\n<p>Texto por: Eliseth Pe\u00f1a.<\/p>\n<p>Fotograf\u00edas: Archivo Mar\u00eda Deisy Quistial<\/p>\n<p>Nunca olvidar\u00e9 que todos los relojes no marcan de la misma forma los segundos. Ten\u00edamos que entrar faltando un cuarto para las cinco, se har\u00eda un solo asalto y sonar\u00eda un solo tiro.<\/p>\n<p>Los que se encontraban en la v\u00eda Panamericana empezaron disparar y todo se volvi\u00f3 un \u2018sancocho\u2019. Se escuchaban disparos por todos lados, pero la hora que marcaba el reloj no era la que se hab\u00eda acordado para el asalto al puesto de polic\u00eda de Santander de Quilichao. Lo cierto es que nos metimos all\u00e1. Llegu\u00e9 al frente del hospital y hab\u00eda dos polic\u00edas que no sab\u00edan si correr o disparar. Estaban asustados y nosotros tambi\u00e9n. Era nuestro primer combate con el enemigo.<\/p>\n<p>Aunque hab\u00eda participado de entrenamientos, esa ocasi\u00f3n era real. Me sorprend\u00eda ver a varias mujeres agarradas dando plomo. Eran las compa\u00f1eras del comando Ricardo Franco, una disidencia de las FARC liderada por Jos\u00e9 Fedor Rey, conocido como Javier Delgado. Yo, en cambio, escasamente cargaba una pistola y unas bombas caseras hechas con tubos de PVC. \u00bfC\u00f3mo puede pelear uno contra alguien que tiene un buen fierro mientras uno tiene una bomba de PVC?<\/p>\n<p>Nos dijeron: \u201cMientras usted no est\u00e9 seguro, no puede disparar a lo loco, tenemos que ir al objetivo\u201d. Mi labor fue ayudar a pasar bombas, a mirar los heridos, estar pendiente, cuidar que no se nos fueran a meter por detr\u00e1s.<\/p>\n<p>Para la retirada deb\u00edamos escuchar las consignas \u201c\u00a1Manila!, \u00a1Manila!\u201d. Cuando las escuch\u00e9, pas\u00f3 un carrito y me sub\u00ed. All\u00ed iban dos heridos del Franco. \u00a1Qu\u00e9 susto! Me mont\u00e9 y un compa\u00f1ero hab\u00eda escuchado mal y pens\u00f3 que yo, Dalila, estaba herida.<\/p>\n<p>En ese carro \u00edbamos el conductor, un compa\u00f1ero que disparaba por la ventana, yo iba atr\u00e1s cuidando los heridos y a mi lado iba otro compa\u00f1ero que me dijo: \u201cPr\u00e9steme ese fierro y coja este. Dispare si nos est\u00e1n disparando, vamos a pasar por el puesto de polic\u00eda\u201d.<\/p>\n<p>Ahora me r\u00edo del susto. Me tocaba y me preguntaba \u201c\u00bfser\u00e1 que estoy viva?\u201d. Pens\u00e9 que solo me hab\u00eda sucedido a m\u00ed esa sensaci\u00f3n, as\u00ed que pregunt\u00e9 a uno y otro compa\u00f1ero y todo el mundo dec\u00eda \u201c\u00a1s\u00ed!, \u00a1s\u00ed! me pas\u00f3 lo mismo, me tocaba y dec\u00eda \u00bfestoy vivo?\u201d.<\/p>\n<p>Ese d\u00eda atravesamos las calles de Santander y nos fuimos a descargar los heridos. Encontramos los carros de huida pinchados y los due\u00f1os no estaban. Nadie m\u00e1s sab\u00eda manejar. Era 1984 y saber conducir un carro era dif\u00edcil.<\/p>\n<p>Nos llovi\u00f3. Caminamos cargados de equipos. Avanz\u00e1bamos remolc\u00e1ndonos el uno al otro toda la noche. Est\u00e1bamos con hambre y cansados porque adem\u00e1s hab\u00edamos hecho nuestros rituales ancestrales de mambeo de hoja de coca con el tewala, el m\u00e9dico tradicional y la toma de \u201cchirincho\u201d, una bebida que ofrecemos a nuestros esp\u00edritus. Los rituales nos ayudaron mucho.<\/p>\n<p>Despu\u00e9s de todo lo que se vivi\u00f3 en esa toma, estaba asustada. No me sab\u00eda orientar, estaba despistada. Todo el mundo estaba cansado, con sue\u00f1o. Sentados a la orilla del camino nos fuimos acomodando en un montecito. Como a las seis de la ma\u00f1ana pas\u00f3 el helic\u00f3ptero.<\/p>\n<p>La toma de Santander tuvo mucha resonancia en los medios en enero de 1984. Con ella se quer\u00eda mostrar al pueblo colombiano que se estaba creando el movimiento ind\u00edgena para defender nuestros derechos. La toma fue notable en el pa\u00eds. Se dec\u00eda que los ind\u00edgenas ya no estaban solos, que hab\u00eda nacido un movimiento que defend\u00eda sus luchas populares. Desde ah\u00ed el movimiento empez\u00f3 a tomar fuerza.<\/p>\n<p>Contin\u00fae leyendo el art\u00edculo completo siguiendo este link: <a href=\"https:\/\/goo.gl\/ejh12\">https:\/\/goo.gl\/ejh12<\/a>r<\/p>\n<p>Fuente: Agencia de Noticias Univalle<\/p>\n","protected":false},"excerpt":{"rendered":"<p>&#8216;Volver a la tierra&#8217; es un texto period\u00edstico que hace parte de la m\u00e1s reciente edici\u00f3n de la Revista Ciudad Vaga, producto editorial construido en la Escuela de Comunicaci\u00f3n Social de la Universidad del Valle, bajo la direcci\u00f3n del docente Kevin Alexis Garc\u00eda. En esta revista, dedicada a explorar las[&#8230;]<\/p>\n","protected":false},"author":1,"featured_media":18975,"comment_status":"open","ping_status":"open","sticky":false,"template":"","format":"standard","meta":{"footnotes":""},"categories":[4],"tags":[],"_links":{"self":[{"href":"https:\/\/emisora.univalle.edu.co\/index.php\/wp-json\/wp\/v2\/posts\/18978"}],"collection":[{"href":"https:\/\/emisora.univalle.edu.co\/index.php\/wp-json\/wp\/v2\/posts"}],"about":[{"href":"https:\/\/emisora.univalle.edu.co\/index.php\/wp-json\/wp\/v2\/types\/post"}],"author":[{"embeddable":true,"href":"https:\/\/emisora.univalle.edu.co\/index.php\/wp-json\/wp\/v2\/users\/1"}],"replies":[{"embeddable":true,"href":"https:\/\/emisora.univalle.edu.co\/index.php\/wp-json\/wp\/v2\/comments?post=18978"}],"version-history":[{"count":1,"href":"https:\/\/emisora.univalle.edu.co\/index.php\/wp-json\/wp\/v2\/posts\/18978\/revisions"}],"predecessor-version":[{"id":18979,"href":"https:\/\/emisora.univalle.edu.co\/index.php\/wp-json\/wp\/v2\/posts\/18978\/revisions\/18979"}],"wp:featuredmedia":[{"embeddable":true,"href":"https:\/\/emisora.univalle.edu.co\/index.php\/wp-json\/wp\/v2\/media\/18975"}],"wp:attachment":[{"href":"https:\/\/emisora.univalle.edu.co\/index.php\/wp-json\/wp\/v2\/media?parent=18978"}],"wp:term":[{"taxonomy":"category","embeddable":true,"href":"https:\/\/emisora.univalle.edu.co\/index.php\/wp-json\/wp\/v2\/categories?post=18978"},{"taxonomy":"post_tag","embeddable":true,"href":"https:\/\/emisora.univalle.edu.co\/index.php\/wp-json\/wp\/v2\/tags?post=18978"}],"curies":[{"name":"wp","href":"https:\/\/api.w.org\/{rel}","templated":true}]}}