{"id":18980,"date":"2017-06-02T16:10:57","date_gmt":"2017-06-02T21:10:57","guid":{"rendered":"https:\/\/emisora.univalle.edu.co\/?p=18980"},"modified":"2017-11-02T14:07:08","modified_gmt":"2017-11-02T19:07:08","slug":"desarrollo-e-innovacion-la-xvi-jornada-regional-electronica","status":"publish","type":"post","link":"https:\/\/emisora.univalle.edu.co\/index.php\/desarrollo-e-innovacion-la-xvi-jornada-regional-electronica\/","title":{"rendered":"Desarrollo e innovaci\u00f3n, en la XVI Jornada Regional de Electr\u00f3nica"},"content":{"rendered":"<p>Con la presencia de delegaciones de ocho sedes regionales de la Universidad del Valle, se lleva a cabo la \u2018XVI Jornada Regional de Electr\u00f3nica\u2019, en el Coliseo Alberto Le\u00f3n Betancur del Campus de Mel\u00e9ndez.<\/p>\n<p>La jornada, organizada por la Escuela de Ingenier\u00eda El\u00e9ctrica y Electr\u00f3nica, est\u00e1 compuesta por conferencias, seminarios, exposiciones empresariales, proyectos acad\u00e9micos y concursos en electr\u00f3nica, rob\u00f3tica y automatizaci\u00f3n.<\/p>\n<p>Sobre este evento, Carlos Arturo Lozano Moncada, decano de la Facultad de Ingenier\u00eda de la Universidad del Valle, se\u00f1al\u00f3 que la Jornada Regional de Electr\u00f3nica \u201cse ha convertido en un referente para toda la Facultad, pues es producto del esfuerzo de todos los profesores de cada una de las sedes regionales, evidenciando que somos una sola universidad. Esta jornada pretende integrar a los estudiantes en la elaboraci\u00f3n de propuestas innovadoras para resolver problemas reales de la industria, raz\u00f3n por la cual se va a generar un espacio muy interesante de interacci\u00f3n entre empresa y estudiantes &#8211; empresa y docencia\u201d.<\/p>\n<p>Por su parte Humberto Loaiza Correa, director de la Escuela de Ingenier\u00eda El\u00e9ctrica y Electr\u00f3nica, dijo que la importancia de este tipo de jornadas radica en que \u201ca trav\u00e9s de diferentes actos acad\u00e9micos podemos mostrar los desarrollos que se llevan a cabo en las aulas y laboratorios de la Universidad del Valle. Hoy tenemos reunidos a los estudiantes de ocho sedes regionales desde el nivel de tecnolog\u00eda, pregrado y posgrado hasta el nivel de Doctorado. Esta es una oportunidad para demostrar a la comunidad en general la capacidad que tiene la Facultad de Ingenier\u00eda y la Universidad del Valle como generadora de conocimiento\u201d.<\/p>\n<p>Dentro de la amplia muestra tecnol\u00f3gica que alberga el Coliseo Alberto Le\u00f3n Betancur, se encuentran robots automatizados para recorrer pistas de obst\u00e1culos; modelos a escala de plantas de reciclaje de papel, metal, arena y pl\u00e1stico; proyectos de rob\u00f3tica y programaci\u00f3n desarrollados por j\u00f3venes de varios colegios de la ciudad a trav\u00e9s de la Tecnoacademia de Cali, entre otros.<\/p>\n<p>Sebasti\u00e1n Salazar, estudiante de tercer semestre del programa de Tecnolog\u00eda Electr\u00f3nica de la sede Cali, participa del evento con un innovador desarrollo que ayudar\u00eda a detectar, de manera temprana, incendios forestales en las afueras de la ciudad. \u201cEs una alarma contra incendios totalmente port\u00e1til, que se comunica a trav\u00e9s de la red GSM, utilizando mensaje de texto o llamadas. Est\u00e1 equipada con un sensor de temperatura y de humo, los cuales env\u00edan de manera programada informes a un celular\u201d. El estudiante dijo que este dispositivo, podr\u00eda ubicarse en bosques y p\u00e1ramos para servir como plan de alerta para evitar incendios en dichos ecosistemas.<\/p>\n<p>En junio de 2002 se llev\u00f3 a cabo la primera jornada regional a cargo de la sede Buga, convirti\u00e9ndose en el punto de partida de este evento que, a\u00f1o tras a\u00f1o, abre las puertas de la Escuela de Ingenier\u00eda El\u00e9ctrica y Electr\u00f3nica para mostrar a la regi\u00f3n el resultado del trabajo acad\u00e9mico y la creatividad de sus estudiantes.<\/p>\n<p>En versiones anteriores este evento ha contado con la participaci\u00f3n de empresas como Microcircuitos, Kamati, Caf\u00e9 \u00c1guila Roja, Imder Palmira, EPSA, CONALTEL, Casa Toro Automotriz, Suconel, Lynks Ingenier\u00eda, Cenica\u00f1a, Equipelco, Gintecc, Gers, Innovatronics, Metronika, Supermercados Ca\u00f1averal.<\/p>\n<p>Consulte la programaci\u00f3n del evento, que se extender\u00e1 hasta el s\u00e1bado 3 de junio, siguiendo este link: <a href=\"https:\/\/goo.gl\/YbxEgr\">https:\/\/goo.gl\/YbxEgr<\/a><\/p>\n<p>Fuente: Agencia de Noticias Univalle<\/p>\n","protected":false},"excerpt":{"rendered":"<p>Con la presencia de delegaciones de ocho sedes regionales de la Universidad del Valle, se lleva a cabo la \u2018XVI Jornada Regional de Electr\u00f3nica\u2019, en el Coliseo Alberto Le\u00f3n Betancur del Campus de Mel\u00e9ndez. La jornada, organizada por la Escuela de Ingenier\u00eda El\u00e9ctrica y Electr\u00f3nica, est\u00e1 compuesta por conferencias, seminarios,[&#8230;]<\/p>\n","protected":false},"author":1,"featured_media":18970,"comment_status":"open","ping_status":"open","sticky":false,"template":"","format":"standard","meta":{"footnotes":""},"categories":[4],"tags":[],"_links":{"self":[{"href":"https:\/\/emisora.univalle.edu.co\/index.php\/wp-json\/wp\/v2\/posts\/18980"}],"collection":[{"href":"https:\/\/emisora.univalle.edu.co\/index.php\/wp-json\/wp\/v2\/posts"}],"about":[{"href":"https:\/\/emisora.univalle.edu.co\/index.php\/wp-json\/wp\/v2\/types\/post"}],"author":[{"embeddable":true,"href":"https:\/\/emisora.univalle.edu.co\/index.php\/wp-json\/wp\/v2\/users\/1"}],"replies":[{"embeddable":true,"href":"https:\/\/emisora.univalle.edu.co\/index.php\/wp-json\/wp\/v2\/comments?post=18980"}],"version-history":[{"count":1,"href":"https:\/\/emisora.univalle.edu.co\/index.php\/wp-json\/wp\/v2\/posts\/18980\/revisions"}],"predecessor-version":[{"id":18981,"href":"https:\/\/emisora.univalle.edu.co\/index.php\/wp-json\/wp\/v2\/posts\/18980\/revisions\/18981"}],"wp:featuredmedia":[{"embeddable":true,"href":"https:\/\/emisora.univalle.edu.co\/index.php\/wp-json\/wp\/v2\/media\/18970"}],"wp:attachment":[{"href":"https:\/\/emisora.univalle.edu.co\/index.php\/wp-json\/wp\/v2\/media?parent=18980"}],"wp:term":[{"taxonomy":"category","embeddable":true,"href":"https:\/\/emisora.univalle.edu.co\/index.php\/wp-json\/wp\/v2\/categories?post=18980"},{"taxonomy":"post_tag","embeddable":true,"href":"https:\/\/emisora.univalle.edu.co\/index.php\/wp-json\/wp\/v2\/tags?post=18980"}],"curies":[{"name":"wp","href":"https:\/\/api.w.org\/{rel}","templated":true}]}}